{"id":12635,"date":"2022-03-29T14:15:59","date_gmt":"2022-03-29T20:15:59","guid":{"rendered":"https:\/\/gobernacionaltaverapaz.gob.gt\/?p=12635"},"modified":"2022-04-01T14:53:00","modified_gmt":"2022-04-01T20:53:00","slug":"reunin-de-trabajo-avance-de-gestiones-para-la-construccin-del-hospital","status":"publish","type":"post","link":"https:\/\/gobernacionaltaverapaz.gob.gt\/?p=12635","title":{"rendered":"Reuni\u00f3n de trabajo y avance de gestiones para la Construcci\u00f3n de hospital en A.V."},"content":{"rendered":"<p style=\"text-align: justify;\">en El se\u00f1or gobernador, Dr. Fernando Rodr\u00edguez Klarck, sostuvo reuni\u00f3n de trabajo con delegados de la Unidad Especial de Ejecuci\u00f3n de Programas y Proyectos de Salud (UEPPS) del Ministerio de Salud P\u00fablica y Asistencia Social, el se\u00f1or alcalde Ing. Leonel Chacon de la Municipalidad De Cob\u00e1n, organizaciones no Gubernamentales e instituciones de gobierno, con el fin de darle seguimiento a las instrucciones giradas por el Presidente de la Rep\u00fablica, Alejandro Giammattei en la #GiraPresidencial2022 realizada en la Franja Transversal del Norte, donde enfatiz\u00f3 que esta en disposici\u00f3n de apoyar la Construcci\u00f3n de un nuevo hospital en el Departamento, pero se hace necesario la agilizaci\u00f3n de los procesos para la obtenci\u00f3n de un terreno para poder realizarlo.<br \/>\nLa construcci\u00f3n del nuevo hospital podr\u00eda beneficiar a m\u00e1s de un mill\u00f3n 450 mil 280 habitantes, de acuerdo al Censo 2018 del Instituto Nacional de Estad\u00edsticas (INE); tambi\u00e9n se tiene como expectativa que sea responsable de promover la atenci\u00f3n primaria en salud, mediante la atenci\u00f3n preventiva, para la recuperaci\u00f3n y rehabilitaci\u00f3n de los enfermos.<br \/>\nEste proyecto es considerado importante para minimizar y apoyar al actual nosocomio Hellen Lossi, y lograr atender de manera inmediata a las personas del departamento y de otros aleda\u00f1os.<br \/>\nPor parte de la Municipalidad De Cob\u00e1n, a trav\u00e9s del se\u00f1or alcalde municipal, Ing. Leonel Chacon, se comprometieron en apoyar con lo necesario para la ejecuci\u00f3n de esta obra, se enviaran los datos recabados por el equipo de profesionales de dicha municipalidad y se espera tener una respuesta favorable en los pr\u00f3ximos d\u00edas, respecto a la aceptaci\u00f3n del terreno propuesto.<\/p>\n<p>&nbsp;<\/p>\n<div><\/div>\n","protected":false},"excerpt":{"rendered":"<p>en El se\u00f1or gobernador, Dr. Fernando Rodr\u00edguez Klarck, sostuvo reuni\u00f3n de trabajo con delegados de la Unidad Especial de Ejecuci\u00f3n de Programas y Proyectos de Salud (UEPPS) del Ministerio de Salud P\u00fablica y Asistencia Social, el se\u00f1or alcalde Ing. Leonel Chacon de la Municipalidad De Cob\u00e1n, organizaciones no Gubernamentales e instituciones de gobierno, con el [&hellip;]<\/p>\n","protected":false},"author":1,"featured_media":12627,"comment_status":"closed","ping_status":"open","sticky":false,"template":"","format":"gallery","meta":[],"categories":[194],"tags":[178],"_links":{"self":[{"href":"https:\/\/gobernacionaltaverapaz.gob.gt\/index.php?rest_route=\/wp\/v2\/posts\/12635"}],"collection":[{"href":"https:\/\/gobernacionaltaverapaz.gob.gt\/index.php?rest_route=\/wp\/v2\/posts"}],"about":[{"href":"https:\/\/gobernacionaltaverapaz.gob.gt\/index.php?rest_route=\/wp\/v2\/types\/post"}],"author":[{"embeddable":true,"href":"https:\/\/gobernacionaltaverapaz.gob.gt\/index.php?rest_route=\/wp\/v2\/users\/1"}],"replies":[{"embeddable":true,"href":"https:\/\/gobernacionaltaverapaz.gob.gt\/index.php?rest_route=%2Fwp%2Fv2%2Fcomments&post=12635"}],"version-history":[{"count":3,"href":"https:\/\/gobernacionaltaverapaz.gob.gt\/index.php?rest_route=\/wp\/v2\/posts\/12635\/revisions"}],"predecessor-version":[{"id":12679,"href":"https:\/\/gobernacionaltaverapaz.gob.gt\/index.php?rest_route=\/wp\/v2\/posts\/12635\/revisions\/12679"}],"wp:featuredmedia":[{"embeddable":true,"href":"https:\/\/gobernacionaltaverapaz.gob.gt\/index.php?rest_route=\/wp\/v2\/media\/12627"}],"wp:attachment":[{"href":"https:\/\/gobernacionaltaverapaz.gob.gt\/index.php?rest_route=%2Fwp%2Fv2%2Fmedia&parent=12635"}],"wp:term":[{"taxonomy":"category","embeddable":true,"href":"https:\/\/gobernacionaltaverapaz.gob.gt\/index.php?rest_route=%2Fwp%2Fv2%2Fcategories&post=12635"},{"taxonomy":"post_tag","embeddable":true,"href":"https:\/\/gobernacionaltaverapaz.gob.gt\/index.php?rest_route=%2Fwp%2Fv2%2Ftags&post=12635"}],"curies":[{"name":"wp","href":"https:\/\/api.w.org\/{rel}","templated":true}]}}