{"id":12642,"date":"2022-03-29T08:24:04","date_gmt":"2022-03-29T14:24:04","guid":{"rendered":"https:\/\/gobernacionaltaverapaz.gob.gt\/?p=12642"},"modified":"2022-04-01T14:48:17","modified_gmt":"2022-04-01T20:48:17","slug":"promoviendo-la-gestin-del-entorno-social-poltico-institucional-para-disminuir-la-conflictividad-agraria-desde-el-triple-nexo-en-el-valle-del-polochic","status":"publish","type":"post","link":"https:\/\/gobernacionaltaverapaz.gob.gt\/?p=12642","title":{"rendered":"Promoviendo la gesti\u00f3n del entorno social pol\u00edtico institucional"},"content":{"rendered":"<div class=\"cxmmr5t8 oygrvhab hcukyx3x c1et5uql o9v6fnle ii04i59q\">\n<div dir=\"auto\"><span class=\"d2edcug0 hpfvmrgz qv66sw1b c1et5uql lr9zc1uh a8c37x1j fe6kdd0r mau55g9w c8b282yb keod5gw0 nxhoafnm aigsh9s9 d3f4x2em iv3no6db jq4qci2q a3bd9o3v b1v8xokw oo9gr5id hzawbc8m\" dir=\"auto\"> &#8220;Promoviendo la gesti\u00f3n del entorno social, pol\u00edtico institucional para disminuir la conflictividad agraria desde el triple nexo en el Valle del Polochic&#8221;<br \/>\n<\/span><\/div>\n<\/div>\n<div class=\"cxmmr5t8 oygrvhab hcukyx3x c1et5uql o9v6fnle ii04i59q\">\n<div dir=\"auto\" style=\"text-align: justify;\">La Gobernaci\u00f3n Departamental de Alta Verapaz a trav\u00e9s de la Comisi\u00f3n Agraria Departamental (CAD), en coordinaci\u00f3n con Organizaci\u00f3n de las Naciones Unidas para la Alimentaci\u00f3n y la Agricultura, Representaci\u00f3n en Guatemala ( <a class=\"oajrlxb2 g5ia77u1 qu0x051f esr5mh6w e9989ue4 r7d6kgcz rq0escxv nhd2j8a9 nc684nl6 p7hjln8o kvgmc6g5 cxmmr5t8 oygrvhab hcukyx3x jb3vyjys rz4wbd8a qt6c0cv9 a8nywdso i1ao9s8h esuyzwwr f1sip0of lzcic4wl gpro0wi8 q66pz984 b1v8xokw\" tabindex=\"0\" role=\"link\" href=\"https:\/\/www.facebook.com\/FAOenEspanol\/?__cft__[0]=AZUbsjYGuC-mM1l4u48P3b1uG4zWhlMh9X1TZ5XNJY8VDS2CW-gpnm6FyljblfY-bnuvOb45A6b8v423qmCBWWx5dc4h3QOVjgeQYjm6HWV_OyZXYMHIhxtvpuZV4pBGoSh3wIvzxrjafcE0cFPxqO8P&amp;__tn__=kK-R\"><span class=\"nc684nl6\">FAO en espa\u00f1ol<\/span><\/a> -NACIONES UNIDAS), Articulan esfuerzos, Administrativo t\u00e9cnicos y financieros. Para disminuir la conflictividad agraria en el valle del Polochic y lograr la transformaci\u00f3n de los conflictos en oportunidades de desarrollo a trav\u00e9s de la Gobernabilidad y teniendo como base los principios del marco de los derechos humanos, para la construcci\u00f3n de relaciones m\u00e1s amigables y de sana convivencia en las comunidades de la zona verde.<\/div>\n<\/div>\n<div class=\"cxmmr5t8 oygrvhab hcukyx3x c1et5uql o9v6fnle ii04i59q\">\n<div dir=\"auto\" style=\"text-align: justify;\">En conjunto con la Oficina del Alto Comisionado de las Naciones Unidas para los Derechos Humanos (<a class=\"oajrlxb2 g5ia77u1 qu0x051f esr5mh6w e9989ue4 r7d6kgcz rq0escxv nhd2j8a9 nc684nl6 p7hjln8o kvgmc6g5 cxmmr5t8 oygrvhab hcukyx3x jb3vyjys rz4wbd8a qt6c0cv9 a8nywdso i1ao9s8h esuyzwwr f1sip0of lzcic4wl gpro0wi8 q66pz984 b1v8xokw\" tabindex=\"0\" role=\"link\" href=\"https:\/\/www.facebook.com\/OACNUDHGuatemala\/?__cft__[0]=AZUbsjYGuC-mM1l4u48P3b1uG4zWhlMh9X1TZ5XNJY8VDS2CW-gpnm6FyljblfY-bnuvOb45A6b8v423qmCBWWx5dc4h3QOVjgeQYjm6HWV_OyZXYMHIhxtvpuZV4pBGoSh3wIvzxrjafcE0cFPxqO8P&amp;__tn__=kK-R\"><span class=\"nc684nl6\">OACNUDH &#8211; Guatemala<\/span><\/a>) y, el Programa Mundial de Alimentos (PMA) iniciar\u00e1n la operaci\u00f3n del Programa.<\/div>\n<\/div>\n<div dir=\"auto\"><\/div>\n<div dir=\"auto\"><\/div>\n<div dir=\"auto\">\n<div><\/div>\n<\/div>\n<p>&nbsp;<\/p>\n","protected":false},"excerpt":{"rendered":"<p>&#8220;Promoviendo la gesti\u00f3n del entorno social, pol\u00edtico institucional para disminuir la conflictividad agraria desde el triple nexo en el Valle del Polochic&#8221; La Gobernaci\u00f3n Departamental de Alta Verapaz a trav\u00e9s de la Comisi\u00f3n Agraria Departamental (CAD), en coordinaci\u00f3n con Organizaci\u00f3n de las Naciones Unidas para la Alimentaci\u00f3n y la Agricultura, Representaci\u00f3n en Guatemala ( FAO [&hellip;]<\/p>\n","protected":false},"author":1,"featured_media":12637,"comment_status":"closed","ping_status":"open","sticky":false,"template":"","format":"gallery","meta":[],"categories":[194],"tags":[178],"_links":{"self":[{"href":"https:\/\/gobernacionaltaverapaz.gob.gt\/index.php?rest_route=\/wp\/v2\/posts\/12642"}],"collection":[{"href":"https:\/\/gobernacionaltaverapaz.gob.gt\/index.php?rest_route=\/wp\/v2\/posts"}],"about":[{"href":"https:\/\/gobernacionaltaverapaz.gob.gt\/index.php?rest_route=\/wp\/v2\/types\/post"}],"author":[{"embeddable":true,"href":"https:\/\/gobernacionaltaverapaz.gob.gt\/index.php?rest_route=\/wp\/v2\/users\/1"}],"replies":[{"embeddable":true,"href":"https:\/\/gobernacionaltaverapaz.gob.gt\/index.php?rest_route=%2Fwp%2Fv2%2Fcomments&post=12642"}],"version-history":[{"count":4,"href":"https:\/\/gobernacionaltaverapaz.gob.gt\/index.php?rest_route=\/wp\/v2\/posts\/12642\/revisions"}],"predecessor-version":[{"id":12677,"href":"https:\/\/gobernacionaltaverapaz.gob.gt\/index.php?rest_route=\/wp\/v2\/posts\/12642\/revisions\/12677"}],"wp:featuredmedia":[{"embeddable":true,"href":"https:\/\/gobernacionaltaverapaz.gob.gt\/index.php?rest_route=\/wp\/v2\/media\/12637"}],"wp:attachment":[{"href":"https:\/\/gobernacionaltaverapaz.gob.gt\/index.php?rest_route=%2Fwp%2Fv2%2Fmedia&parent=12642"}],"wp:term":[{"taxonomy":"category","embeddable":true,"href":"https:\/\/gobernacionaltaverapaz.gob.gt\/index.php?rest_route=%2Fwp%2Fv2%2Fcategories&post=12642"},{"taxonomy":"post_tag","embeddable":true,"href":"https:\/\/gobernacionaltaverapaz.gob.gt\/index.php?rest_route=%2Fwp%2Fv2%2Ftags&post=12642"}],"curies":[{"name":"wp","href":"https:\/\/api.w.org\/{rel}","templated":true}]}}