{"id":12665,"date":"2022-03-11T15:33:34","date_gmt":"2022-03-11T21:33:34","guid":{"rendered":"https:\/\/gobernacionaltaverapaz.gob.gt\/?p=12665"},"modified":"2022-04-01T15:10:41","modified_gmt":"2022-04-01T21:10:41","slug":"acto-de-clausura-del-ii-curso-mujer-paz-seguridad","status":"publish","type":"post","link":"https:\/\/gobernacionaltaverapaz.gob.gt\/?p=12665","title":{"rendered":"Clausura \u201cSeminario Mujeres, Paz y Seguridad\u201d"},"content":{"rendered":"<p style=\"text-align: justify;\">El General de Divisi\u00f3n Walfre Omar Carranza Espa\u00f1a, Jefe del Estado Mayor de la Defensa Nacional, presidi\u00f3 el acto de clausura del II Curso &#8220;Mujer, Paz y Seguridad&#8221;, llevado a cabo en el Comando Regional de Entrenamiento de Operaciones de Mantenimiento de Paz. -CREOMPAZ-, actividad que acompa\u00f1\u00f3 el se\u00f1or Gobernador Departamental. Dr. Fernando Rodr\u00edguez Klarck.<br \/>\nEl Comando Regional de Entrenamiento de Operaciones de Mantenimiento de Paz. , a trav\u00e9s de la Escuela de Operaciones de Paz, imparti\u00f3 el \u201cII Seminario Mujeres, Paz y Seguridad de Naciones Unidas\u201d, del 07 al 11 de Marzo, dirigido a personal de oficiales superiores, subalternos y especialistas nacionales y extranjeros de los pa\u00edses miembros de la Conferencia de las Fuerzas Armadas Centroamericanas (CFAC) y personal civil representantes de las diferentes instituciones de la regi\u00f3n, de acuerdo a la implementaci\u00f3n de la Resoluci\u00f3n 1325 del Consejo de Seguridad de Naciones Unidas complementado por temas de formaci\u00f3n integral que coadyuven tanto al conocimiento de la agenda como al crecimiento personal del ser humano, con el fin de volverse entes multiplicadores del tema en cada una de las instituciones a las que representa.<\/p>\n<div><\/div>\n<p>&nbsp;<\/p>\n","protected":false},"excerpt":{"rendered":"<p>El General de Divisi\u00f3n Walfre Omar Carranza Espa\u00f1a, Jefe del Estado Mayor de la Defensa Nacional, presidi\u00f3 el acto de clausura del II Curso &#8220;Mujer, Paz y Seguridad&#8221;, llevado a cabo en el Comando Regional de Entrenamiento de Operaciones de Mantenimiento de Paz. -CREOMPAZ-, actividad que acompa\u00f1\u00f3 el se\u00f1or Gobernador Departamental. Dr. Fernando Rodr\u00edguez Klarck. [&hellip;]<\/p>\n","protected":false},"author":1,"featured_media":12657,"comment_status":"closed","ping_status":"open","sticky":false,"template":"","format":"gallery","meta":[],"categories":[194,1],"tags":[178],"_links":{"self":[{"href":"https:\/\/gobernacionaltaverapaz.gob.gt\/index.php?rest_route=\/wp\/v2\/posts\/12665"}],"collection":[{"href":"https:\/\/gobernacionaltaverapaz.gob.gt\/index.php?rest_route=\/wp\/v2\/posts"}],"about":[{"href":"https:\/\/gobernacionaltaverapaz.gob.gt\/index.php?rest_route=\/wp\/v2\/types\/post"}],"author":[{"embeddable":true,"href":"https:\/\/gobernacionaltaverapaz.gob.gt\/index.php?rest_route=\/wp\/v2\/users\/1"}],"replies":[{"embeddable":true,"href":"https:\/\/gobernacionaltaverapaz.gob.gt\/index.php?rest_route=%2Fwp%2Fv2%2Fcomments&post=12665"}],"version-history":[{"count":3,"href":"https:\/\/gobernacionaltaverapaz.gob.gt\/index.php?rest_route=\/wp\/v2\/posts\/12665\/revisions"}],"predecessor-version":[{"id":12684,"href":"https:\/\/gobernacionaltaverapaz.gob.gt\/index.php?rest_route=\/wp\/v2\/posts\/12665\/revisions\/12684"}],"wp:featuredmedia":[{"embeddable":true,"href":"https:\/\/gobernacionaltaverapaz.gob.gt\/index.php?rest_route=\/wp\/v2\/media\/12657"}],"wp:attachment":[{"href":"https:\/\/gobernacionaltaverapaz.gob.gt\/index.php?rest_route=%2Fwp%2Fv2%2Fmedia&parent=12665"}],"wp:term":[{"taxonomy":"category","embeddable":true,"href":"https:\/\/gobernacionaltaverapaz.gob.gt\/index.php?rest_route=%2Fwp%2Fv2%2Fcategories&post=12665"},{"taxonomy":"post_tag","embeddable":true,"href":"https:\/\/gobernacionaltaverapaz.gob.gt\/index.php?rest_route=%2Fwp%2Fv2%2Ftags&post=12665"}],"curies":[{"name":"wp","href":"https:\/\/api.w.org\/{rel}","templated":true}]}}