{"id":12673,"date":"2022-03-15T13:52:49","date_gmt":"2022-03-15T19:52:49","guid":{"rendered":"https:\/\/gobernacionaltaverapaz.gob.gt\/?p=12673"},"modified":"2022-04-01T15:02:57","modified_gmt":"2022-04-01T21:02:57","slug":"jornada-intensiva-de-vacunacin-del-16-al-31-de-marzo-2022","status":"publish","type":"post","link":"https:\/\/gobernacionaltaverapaz.gob.gt\/?p=12673","title":{"rendered":"Jornada Intensiva de Vacunaci\u00f3n"},"content":{"rendered":"<div class=\"cxmmr5t8 oygrvhab hcukyx3x c1et5uql o9v6fnle ii04i59q\">\n<div dir=\"auto\" style=\"text-align: justify;\">El <a class=\"oajrlxb2 g5ia77u1 qu0x051f esr5mh6w e9989ue4 r7d6kgcz rq0escxv nhd2j8a9 nc684nl6 p7hjln8o kvgmc6g5 cxmmr5t8 oygrvhab hcukyx3x jb3vyjys rz4wbd8a qt6c0cv9 a8nywdso i1ao9s8h esuyzwwr f1sip0of lzcic4wl gpro0wi8 q66pz984 b1v8xokw\" tabindex=\"0\" role=\"link\" href=\"https:\/\/www.facebook.com\/MinisteriodeSaludPublicayAsistenciaSocial\/?__cft__[0]=AZXuE-8QFlI2EfmTt9RzNW3nkksILFhN3g6nc74a3XwBchoZob8fGz3YmWgSu06WmFE2DAVvfowWap3F4Va3f_jR5gLt1-3-T8MdoCYTrLjS3Cz8Lcif_2fpPiE1j7xGc-Ua66NJG-z6CzjAbDqWamvK&amp;__tn__=kK-R\"><span class=\"nc684nl6\">Ministerio de Salud P\u00fablica y Asistencia Social<\/span><\/a> a trav\u00e9s de la <a class=\"oajrlxb2 g5ia77u1 qu0x051f esr5mh6w e9989ue4 r7d6kgcz rq0escxv nhd2j8a9 nc684nl6 p7hjln8o kvgmc6g5 cxmmr5t8 oygrvhab hcukyx3x jb3vyjys rz4wbd8a qt6c0cv9 a8nywdso i1ao9s8h esuyzwwr f1sip0of lzcic4wl gpro0wi8 q66pz984 b1v8xokw\" tabindex=\"0\" role=\"link\" href=\"https:\/\/www.facebook.com\/DAS.AltaVerapaz\/?__cft__[0]=AZXuE-8QFlI2EfmTt9RzNW3nkksILFhN3g6nc74a3XwBchoZob8fGz3YmWgSu06WmFE2DAVvfowWap3F4Va3f_jR5gLt1-3-T8MdoCYTrLjS3Cz8Lcif_2fpPiE1j7xGc-Ua66NJG-z6CzjAbDqWamvK&amp;__tn__=kK-R\"><span class=\"nc684nl6\">Direcci\u00f3n de \u00c1rea de Salud de Alta Verapaz &#8211; DASAV<\/span><\/a> y en coordinaci\u00f3n del se\u00f1or Gobernador Departamental. Dr. Fernando Rodr\u00edguez Klarck, se realizara jornada intensiva de vacunaci\u00f3n del 16 al 31 de marzo de 2022 en el Departamento de Alta Verapaz.<\/div>\n<\/div>\n<div class=\"cxmmr5t8 oygrvhab hcukyx3x c1et5uql o9v6fnle ii04i59q\" style=\"text-align: justify;\">\n<div dir=\"auto\"><\/div>\n<div dir=\"auto\"><strong>Puestos Estrat\u00e9gicos de vacunaci\u00f3n:<\/strong><\/div>\n<\/div>\n<div class=\"cxmmr5t8 oygrvhab hcukyx3x c1et5uql o9v6fnle ii04i59q\" style=\"text-align: justify;\">\n<div dir=\"auto\">Atenci\u00f3n a usuarios. 8:00 a 16:00 hrs.<\/div>\n<\/div>\n<div class=\"cxmmr5t8 oygrvhab hcukyx3x c1et5uql o9v6fnle ii04i59q\" style=\"text-align: justify;\">\n<ul>\n<li dir=\"auto\">Gasolinera El Gran Jefe, cruce Playa grande (Chisec)<\/li>\n<li dir=\"auto\">Cruce Cubilguitz (Cob\u00e1n)\u2028- Cruce Santa Cruz Verapaz (Santa Cruz)<\/li>\n<li dir=\"auto\">Cruce Teleman-Senahu (Panzos)<\/li>\n<li dir=\"auto\">Salida a Barrio Chixtun, San Pedro Carcha (San Pedro Carcha)<\/li>\n<\/ul>\n<p><strong>Puesto de vacunaci\u00f3n vehicular:<\/strong><\/p>\n<\/div>\n<div class=\"cxmmr5t8 oygrvhab hcukyx3x c1et5uql o9v6fnle ii04i59q\" style=\"text-align: justify;\">\n<div dir=\"auto\">Atenci\u00f3n a usuarios: 10:00 a 18:00 hrs.<\/div>\n<div dir=\"auto\">Lugar: Frente a Reservas Militares, Cob\u00e1n Alta Verapaz.<\/div>\n<\/div>\n<div class=\"cxmmr5t8 oygrvhab hcukyx3x c1et5uql o9v6fnle ii04i59q\" style=\"text-align: justify;\">\n<div dir=\"auto\">Puestos fijos, Casco urbano.<\/div>\n<\/div>\n<div class=\"cxmmr5t8 oygrvhab hcukyx3x c1et5uql o9v6fnle ii04i59q\" style=\"text-align: justify;\">\n<div dir=\"auto\">Atenci\u00f3n a usuarios: 10:00 a 18:00 hrs.<\/div>\n<div dir=\"auto\">Lunes a domingo<\/div>\n<\/div>\n<div class=\"cxmmr5t8 oygrvhab hcukyx3x c1et5uql o9v6fnle ii04i59q\" style=\"text-align: justify;\">\n<div dir=\"auto\"><strong>Lugar:<\/strong><\/div>\n<ul>\n<li dir=\"auto\">Centro Comercial Plaza Magdalena, Cob\u00e1n A. V<\/li>\n<li dir=\"auto\">Centro Comercial Gran Carcha, San Pedro Carcha<\/li>\n<li dir=\"auto\">Corredor de Gobernaci\u00f3n Departamental, Cob\u00e1n, A.V.<\/li>\n<\/ul>\n<\/div>\n<div class=\"cxmmr5t8 oygrvhab hcukyx3x c1et5uql o9v6fnle ii04i59q\">\n<div dir=\"auto\" style=\"text-align: justify;\">En conferencia de prensa el d\u00eda de hoy 15 de Marzo se dio aperturada la jornada de vacunaci\u00f3n, el se\u00f1or Gobernador Departamental. Dr. Fernando Rodr\u00edguez Klarck y su hija se imnunizaron contra el Covid-19, de la misma manera se resalto que en se habilitaran 1,449 puestos en los diferentes territorios de los Distritos Municipales de Salud del Departamento de Alta Verapaz.<\/div>\n<\/div>\n<div dir=\"auto\"><\/div>\n<div dir=\"auto\">\n<div><\/div>\n<\/div>\n<div dir=\"auto\"><\/div>\n<p>&nbsp;<\/p>\n","protected":false},"excerpt":{"rendered":"<p>El Ministerio de Salud P\u00fablica y Asistencia Social a trav\u00e9s de la Direcci\u00f3n de \u00c1rea de Salud de Alta Verapaz &#8211; DASAV y en coordinaci\u00f3n del se\u00f1or Gobernador Departamental. Dr. Fernando Rodr\u00edguez Klarck, se realizara jornada intensiva de vacunaci\u00f3n del 16 al 31 de marzo de 2022 en el Departamento de Alta Verapaz. Puestos Estrat\u00e9gicos [&hellip;]<\/p>\n","protected":false},"author":1,"featured_media":12667,"comment_status":"closed","ping_status":"open","sticky":false,"template":"","format":"gallery","meta":[],"categories":[194],"tags":[178],"_links":{"self":[{"href":"https:\/\/gobernacionaltaverapaz.gob.gt\/index.php?rest_route=\/wp\/v2\/posts\/12673"}],"collection":[{"href":"https:\/\/gobernacionaltaverapaz.gob.gt\/index.php?rest_route=\/wp\/v2\/posts"}],"about":[{"href":"https:\/\/gobernacionaltaverapaz.gob.gt\/index.php?rest_route=\/wp\/v2\/types\/post"}],"author":[{"embeddable":true,"href":"https:\/\/gobernacionaltaverapaz.gob.gt\/index.php?rest_route=\/wp\/v2\/users\/1"}],"replies":[{"embeddable":true,"href":"https:\/\/gobernacionaltaverapaz.gob.gt\/index.php?rest_route=%2Fwp%2Fv2%2Fcomments&post=12673"}],"version-history":[{"count":4,"href":"https:\/\/gobernacionaltaverapaz.gob.gt\/index.php?rest_route=\/wp\/v2\/posts\/12673\/revisions"}],"predecessor-version":[{"id":12682,"href":"https:\/\/gobernacionaltaverapaz.gob.gt\/index.php?rest_route=\/wp\/v2\/posts\/12673\/revisions\/12682"}],"wp:featuredmedia":[{"embeddable":true,"href":"https:\/\/gobernacionaltaverapaz.gob.gt\/index.php?rest_route=\/wp\/v2\/media\/12667"}],"wp:attachment":[{"href":"https:\/\/gobernacionaltaverapaz.gob.gt\/index.php?rest_route=%2Fwp%2Fv2%2Fmedia&parent=12673"}],"wp:term":[{"taxonomy":"category","embeddable":true,"href":"https:\/\/gobernacionaltaverapaz.gob.gt\/index.php?rest_route=%2Fwp%2Fv2%2Fcategories&post=12673"},{"taxonomy":"post_tag","embeddable":true,"href":"https:\/\/gobernacionaltaverapaz.gob.gt\/index.php?rest_route=%2Fwp%2Fv2%2Ftags&post=12673"}],"curies":[{"name":"wp","href":"https:\/\/api.w.org\/{rel}","templated":true}]}}