{"id":12689,"date":"2022-03-30T20:44:53","date_gmt":"2022-03-31T02:44:53","guid":{"rendered":"https:\/\/gobernacionaltaverapaz.gob.gt\/?p=12689"},"modified":"2022-04-04T10:43:49","modified_gmt":"2022-04-04T16:43:49","slug":"reunin-con-estudiantes-del-programa-de-modalidades-flexibles-de-educacin-extraescolar-se-desarrolla-en-la-aldea-chirrepec-cobn-av","status":"publish","type":"post","link":"https:\/\/gobernacionaltaverapaz.gob.gt\/?p=12689","title":{"rendered":"Programa de modalidades flexibles de educaci\u00f3n extraescolar que se desarrolla en la Aldea Chirrepec, Cob\u00e1n, A.V."},"content":{"rendered":"<p style=\"text-align: justify;\"><a href=\"https:\/\/www.facebook.com\/hashtag\/guateavanza?__eep__=6&amp;__cft__%5b0%5d=AZUiwTdJaGZGHRK9KZ5_jKq4Xb9rnvY6UJZOyzNxVrtR-tgdwKZ2QVSi2tTMmC_I3yWnVaae85G5SPBf7znzLuOlHS77HIpmN6Ede5Lr1Z7In6qFlrK3hDxIgXL9dsJlnVHERl5ZGt8EspDr6YXVkazR&amp;__tn__=*NK-R\" target=\"_blank\" rel=\"noopener\">#GuateAvanza<\/a> | La <a href=\"https:\/\/www.facebook.com\/hashtag\/ministraclaudiaru%C3%ADz?__eep__=6&amp;__cft__%5b0%5d=AZUiwTdJaGZGHRK9KZ5_jKq4Xb9rnvY6UJZOyzNxVrtR-tgdwKZ2QVSi2tTMmC_I3yWnVaae85G5SPBf7znzLuOlHS77HIpmN6Ede5Lr1Z7In6qFlrK3hDxIgXL9dsJlnVHERl5ZGt8EspDr6YXVkazR&amp;__tn__=*NK-R\" target=\"_blank\" rel=\"noopener\">#MinistraClaudiaRu\u00edz<\/a> junto a Robert Jenkins, Director Global de Educaci\u00f3n y Desarrollo Adolescente de <a href=\"https:\/\/www.facebook.com\/hashtag\/unicef?__eep__=6&amp;__cft__%5b0%5d=AZUiwTdJaGZGHRK9KZ5_jKq4Xb9rnvY6UJZOyzNxVrtR-tgdwKZ2QVSi2tTMmC_I3yWnVaae85G5SPBf7znzLuOlHS77HIpmN6Ede5Lr1Z7In6qFlrK3hDxIgXL9dsJlnVHERl5ZGt8EspDr6YXVkazR&amp;__tn__=*NK-R\" target=\"_blank\" rel=\"noopener\">#UNICEF<\/a>, el se\u00f1or gobernador, Dr. Fernando Rodr\u00edguez Klarck, participan en una reuni\u00f3n con estudiantes del programa de modalidades flexibles de educaci\u00f3n extraescolar que se desarrolla en la aldea Chirrepec, Cob\u00e1n, Alta Verapaz, en seguimiento a las acciones que se realizan para que j\u00f3venes retomen su formaci\u00f3n acad\u00e9mica y puedan contar con mejores oportunidades laborales.<\/p>\n<p style=\"text-align: justify;\">Robert Jenkins y Carlos Carrera de <a href=\"https:\/\/www.facebook.com\/hashtag\/unicef?__eep__=6&amp;__cft__%5b0%5d=AZUiwTdJaGZGHRK9KZ5_jKq4Xb9rnvY6UJZOyzNxVrtR-tgdwKZ2QVSi2tTMmC_I3yWnVaae85G5SPBf7znzLuOlHS77HIpmN6Ede5Lr1Z7In6qFlrK3hDxIgXL9dsJlnVHERl5ZGt8EspDr6YXVkazR&amp;__tn__=*NK-R\" target=\"_blank\" rel=\"noopener\">#Unicef<\/a>, participan en una sesi\u00f3n de alimentaci\u00f3n de ni\u00f1os 3 y 4 a\u00f1os, la cual tiene el prop\u00f3sito de fomentar h\u00e1bitos alimenticios saludables en prevenci\u00f3n de la desnutrici\u00f3n infantil.<\/p>\n<p style=\"text-align: justify;\"><a href=\"https:\/\/www.facebook.com\/hashtag\/ela%C3%B1odeloslogros?__eep__=6&amp;__cft__%5b0%5d=AZUiwTdJaGZGHRK9KZ5_jKq4Xb9rnvY6UJZOyzNxVrtR-tgdwKZ2QVSi2tTMmC_I3yWnVaae85G5SPBf7znzLuOlHS77HIpmN6Ede5Lr1Z7In6qFlrK3hDxIgXL9dsJlnVHERl5ZGt8EspDr6YXVkazR&amp;__tn__=*NK-R\" target=\"_blank\" rel=\"noopener\">#ElA\u00f1oDeLosLogros<\/a><br \/>\n<a href=\"https:\/\/www.facebook.com\/hashtag\/accionesquetransforman?__eep__=6&amp;__cft__%5b0%5d=AZUiwTdJaGZGHRK9KZ5_jKq4Xb9rnvY6UJZOyzNxVrtR-tgdwKZ2QVSi2tTMmC_I3yWnVaae85G5SPBf7znzLuOlHS77HIpmN6Ede5Lr1Z7In6qFlrK3hDxIgXL9dsJlnVHERl5ZGt8EspDr6YXVkazR&amp;__tn__=*NK-R\" target=\"_blank\" rel=\"noopener\">#AccionesQueTransforman<\/a><\/p>\n<div><\/div>\n","protected":false},"excerpt":{"rendered":"<p>#GuateAvanza | La #MinistraClaudiaRu\u00edz junto a Robert Jenkins, Director Global de Educaci\u00f3n y Desarrollo Adolescente de #UNICEF, el se\u00f1or gobernador, Dr. Fernando Rodr\u00edguez Klarck, participan en una reuni\u00f3n con estudiantes del programa de modalidades flexibles de educaci\u00f3n extraescolar que se desarrolla en la aldea Chirrepec, Cob\u00e1n, Alta Verapaz, en seguimiento a las acciones que se [&hellip;]<\/p>\n","protected":false},"author":1,"featured_media":12696,"comment_status":"closed","ping_status":"open","sticky":false,"template":"","format":"gallery","meta":[],"categories":[2],"tags":[178],"_links":{"self":[{"href":"https:\/\/gobernacionaltaverapaz.gob.gt\/index.php?rest_route=\/wp\/v2\/posts\/12689"}],"collection":[{"href":"https:\/\/gobernacionaltaverapaz.gob.gt\/index.php?rest_route=\/wp\/v2\/posts"}],"about":[{"href":"https:\/\/gobernacionaltaverapaz.gob.gt\/index.php?rest_route=\/wp\/v2\/types\/post"}],"author":[{"embeddable":true,"href":"https:\/\/gobernacionaltaverapaz.gob.gt\/index.php?rest_route=\/wp\/v2\/users\/1"}],"replies":[{"embeddable":true,"href":"https:\/\/gobernacionaltaverapaz.gob.gt\/index.php?rest_route=%2Fwp%2Fv2%2Fcomments&post=12689"}],"version-history":[{"count":5,"href":"https:\/\/gobernacionaltaverapaz.gob.gt\/index.php?rest_route=\/wp\/v2\/posts\/12689\/revisions"}],"predecessor-version":[{"id":12705,"href":"https:\/\/gobernacionaltaverapaz.gob.gt\/index.php?rest_route=\/wp\/v2\/posts\/12689\/revisions\/12705"}],"wp:featuredmedia":[{"embeddable":true,"href":"https:\/\/gobernacionaltaverapaz.gob.gt\/index.php?rest_route=\/wp\/v2\/media\/12696"}],"wp:attachment":[{"href":"https:\/\/gobernacionaltaverapaz.gob.gt\/index.php?rest_route=%2Fwp%2Fv2%2Fmedia&parent=12689"}],"wp:term":[{"taxonomy":"category","embeddable":true,"href":"https:\/\/gobernacionaltaverapaz.gob.gt\/index.php?rest_route=%2Fwp%2Fv2%2Fcategories&post=12689"},{"taxonomy":"post_tag","embeddable":true,"href":"https:\/\/gobernacionaltaverapaz.gob.gt\/index.php?rest_route=%2Fwp%2Fv2%2Ftags&post=12689"}],"curies":[{"name":"wp","href":"https:\/\/api.w.org\/{rel}","templated":true}]}}