{"id":12726,"date":"2022-04-13T11:47:11","date_gmt":"2022-04-13T17:47:11","guid":{"rendered":"https:\/\/gobernacionaltaverapaz.gob.gt\/?p=12726"},"modified":"2022-04-18T10:54:50","modified_gmt":"2022-04-18T16:54:50","slug":"firma-de-convenios-con-alcaldes-de-chamelco-chisec-av","status":"publish","type":"post","link":"https:\/\/gobernacionaltaverapaz.gob.gt\/?p=12726","title":{"rendered":"Firma de convenios con Alcaldes de Chamelco y Chisec A.V"},"content":{"rendered":"<p style=\"text-align: justify;\"><span class=\"d2edcug0 hpfvmrgz qv66sw1b c1et5uql lr9zc1uh a8c37x1j fe6kdd0r mau55g9w c8b282yb keod5gw0 nxhoafnm aigsh9s9 d3f4x2em iv3no6db jq4qci2q a3bd9o3v b1v8xokw oo9gr5id hzawbc8m\" dir=\"auto\">El Sr. Gobernador Fernando Jerem\u00edas Rodr\u00edguez Klarck, acompa\u00f1ado de la Licda. Angela Alvarado Teni Directora Ejecutiva del Consejo de Desarrollo Departamental, Lic. Edwin Tut Alcalde del municipio de San Juan Chamelco y Lic. Fidencio Lima Alcalde del municipio de Chisec A.V. el d\u00eda de hoy hicieron presencia en el Sal\u00f3n de las Am\u00e9ricas del Palacio de Gobernaci\u00f3n Departamental para hacer efectiva la firma de convenios para los proyectos a realizar en mencionados municipios.<\/span><\/p>\n<p>&nbsp;<\/p>\n<p>&nbsp;<\/p>\n<div><\/div>\n","protected":false},"excerpt":{"rendered":"<p>El Sr. Gobernador Fernando Jerem\u00edas Rodr\u00edguez Klarck, acompa\u00f1ado de la Licda. Angela Alvarado Teni Directora Ejecutiva del Consejo de Desarrollo Departamental, Lic. Edwin Tut Alcalde del municipio de San Juan Chamelco y Lic. Fidencio Lima Alcalde del municipio de Chisec A.V. el d\u00eda de hoy hicieron presencia en el Sal\u00f3n de las Am\u00e9ricas del Palacio [&hellip;]<\/p>\n","protected":false},"author":1,"featured_media":12722,"comment_status":"closed","ping_status":"open","sticky":false,"template":"","format":"gallery","meta":[],"categories":[183],"tags":[178],"_links":{"self":[{"href":"https:\/\/gobernacionaltaverapaz.gob.gt\/index.php?rest_route=\/wp\/v2\/posts\/12726"}],"collection":[{"href":"https:\/\/gobernacionaltaverapaz.gob.gt\/index.php?rest_route=\/wp\/v2\/posts"}],"about":[{"href":"https:\/\/gobernacionaltaverapaz.gob.gt\/index.php?rest_route=\/wp\/v2\/types\/post"}],"author":[{"embeddable":true,"href":"https:\/\/gobernacionaltaverapaz.gob.gt\/index.php?rest_route=\/wp\/v2\/users\/1"}],"replies":[{"embeddable":true,"href":"https:\/\/gobernacionaltaverapaz.gob.gt\/index.php?rest_route=%2Fwp%2Fv2%2Fcomments&post=12726"}],"version-history":[{"count":1,"href":"https:\/\/gobernacionaltaverapaz.gob.gt\/index.php?rest_route=\/wp\/v2\/posts\/12726\/revisions"}],"predecessor-version":[{"id":12727,"href":"https:\/\/gobernacionaltaverapaz.gob.gt\/index.php?rest_route=\/wp\/v2\/posts\/12726\/revisions\/12727"}],"wp:featuredmedia":[{"embeddable":true,"href":"https:\/\/gobernacionaltaverapaz.gob.gt\/index.php?rest_route=\/wp\/v2\/media\/12722"}],"wp:attachment":[{"href":"https:\/\/gobernacionaltaverapaz.gob.gt\/index.php?rest_route=%2Fwp%2Fv2%2Fmedia&parent=12726"}],"wp:term":[{"taxonomy":"category","embeddable":true,"href":"https:\/\/gobernacionaltaverapaz.gob.gt\/index.php?rest_route=%2Fwp%2Fv2%2Fcategories&post=12726"},{"taxonomy":"post_tag","embeddable":true,"href":"https:\/\/gobernacionaltaverapaz.gob.gt\/index.php?rest_route=%2Fwp%2Fv2%2Ftags&post=12726"}],"curies":[{"name":"wp","href":"https:\/\/api.w.org\/{rel}","templated":true}]}}