{"id":12738,"date":"2022-04-12T11:48:21","date_gmt":"2022-04-12T17:48:21","guid":{"rendered":"https:\/\/gobernacionaltaverapaz.gob.gt\/?p=12738"},"modified":"2022-04-18T11:20:31","modified_gmt":"2022-04-18T17:20:31","slug":"conferencia-de-prensa-informe-campaa-intensiva-de-vacunacin-covid-19","status":"publish","type":"post","link":"https:\/\/gobernacionaltaverapaz.gob.gt\/?p=12738","title":{"rendered":"Conferencia de prensa informe campa\u00f1a intensiva de vacunaci\u00f3n COVID 19"},"content":{"rendered":"<div class=\"cxmmr5t8 oygrvhab hcukyx3x c1et5uql o9v6fnle ii04i59q\">\n<div dir=\"auto\" style=\"text-align: justify;\">En horas de la ma\u00f1ana en el Sal\u00f3n de las Am\u00e9ricas en el Palacio de Gobernaci\u00f3n de Alta Verapaz, se celebr\u00f3 conferencia de<\/div>\n<div dir=\"auto\" style=\"text-align: justify;\">Prensa, con el objetivo de comunicar a la poblaci\u00f3n en general sobre los resultados de la campa\u00f1a intensiva de vacunacion<\/div>\n<div dir=\"auto\" style=\"text-align: justify;\">Covid 19, con el apoyo de sectores Gubernamentales y no Gubernamentales en Alta Verapaz.<\/div>\n<\/div>\n<div class=\"cxmmr5t8 oygrvhab hcukyx3x c1et5uql o9v6fnle ii04i59q\" style=\"text-align: justify;\">\n<div dir=\"auto\">La conferencia estuvo a cargo del Sr. Gobernador Dr. Fernando Jerem\u00edas Klarck acompa\u00f1ado de la Doctora Lisbet Cajas Epidemiologa DASAV, Licda. Mar\u00eda Antonieta Lopez enfermera jefa de \u00c1rea de Salud de A.V Coronel William Xicara MINDEF \/ Reservas Militares A.V, y representante de MINEDUC. Mismos que informaron los resultados obtenidos, dentro los cuales destacan:<\/div>\n<\/div>\n<div class=\"cxmmr5t8 oygrvhab hcukyx3x c1et5uql o9v6fnle ii04i59q\" style=\"text-align: justify;\">\n<div dir=\"auto\">La vacunacion de primera dosis en edades comprendidas de 6 a\u00f1os en adelante un total de 51,168 hab.<\/div>\n<\/div>\n<div class=\"cxmmr5t8 oygrvhab hcukyx3x c1et5uql o9v6fnle ii04i59q\" style=\"text-align: justify;\">\n<div dir=\"auto\">Vacunacion segunda dosis de 12 a\u00f1os en adelante un total de 20,669 hab.<\/div>\n<\/div>\n<div class=\"cxmmr5t8 oygrvhab hcukyx3x c1et5uql o9v6fnle ii04i59q\" style=\"text-align: justify;\">\n<div dir=\"auto\">Refuerzo 12 a\u00f1os en adelante un total de 14,597 hab.<\/div>\n<\/div>\n<div class=\"cxmmr5t8 oygrvhab hcukyx3x c1et5uql o9v6fnle ii04i59q\" style=\"text-align: justify;\">\n<div dir=\"auto\">Dosis adicionales de 12 a\u00f1os en adelante un total de 1,657 hab.<\/div>\n<\/div>\n<div class=\"cxmmr5t8 oygrvhab hcukyx3x c1et5uql o9v6fnle ii04i59q\">\n<div dir=\"auto\" style=\"text-align: justify;\">Para hacer un total de 88,091 habitantes vacunado en la jornada.<\/div>\n<\/div>\n<div dir=\"auto\"><\/div>\n<div dir=\"auto\"><\/div>\n<div dir=\"auto\"><\/div>\n<div dir=\"auto\"><\/div>\n<div dir=\"auto\">\n<div><\/div>\n<\/div>\n<p>&nbsp;<\/p>\n","protected":false},"excerpt":{"rendered":"<p>En horas de la ma\u00f1ana en el Sal\u00f3n de las Am\u00e9ricas en el Palacio de Gobernaci\u00f3n de Alta Verapaz, se celebr\u00f3 conferencia de Prensa, con el objetivo de comunicar a la poblaci\u00f3n en general sobre los resultados de la campa\u00f1a intensiva de vacunacion Covid 19, con el apoyo de sectores Gubernamentales y no Gubernamentales en [&hellip;]<\/p>\n","protected":false},"author":1,"featured_media":12735,"comment_status":"closed","ping_status":"open","sticky":false,"template":"","format":"gallery","meta":[],"categories":[194],"tags":[178],"_links":{"self":[{"href":"https:\/\/gobernacionaltaverapaz.gob.gt\/index.php?rest_route=\/wp\/v2\/posts\/12738"}],"collection":[{"href":"https:\/\/gobernacionaltaverapaz.gob.gt\/index.php?rest_route=\/wp\/v2\/posts"}],"about":[{"href":"https:\/\/gobernacionaltaverapaz.gob.gt\/index.php?rest_route=\/wp\/v2\/types\/post"}],"author":[{"embeddable":true,"href":"https:\/\/gobernacionaltaverapaz.gob.gt\/index.php?rest_route=\/wp\/v2\/users\/1"}],"replies":[{"embeddable":true,"href":"https:\/\/gobernacionaltaverapaz.gob.gt\/index.php?rest_route=%2Fwp%2Fv2%2Fcomments&post=12738"}],"version-history":[{"count":1,"href":"https:\/\/gobernacionaltaverapaz.gob.gt\/index.php?rest_route=\/wp\/v2\/posts\/12738\/revisions"}],"predecessor-version":[{"id":12739,"href":"https:\/\/gobernacionaltaverapaz.gob.gt\/index.php?rest_route=\/wp\/v2\/posts\/12738\/revisions\/12739"}],"wp:featuredmedia":[{"embeddable":true,"href":"https:\/\/gobernacionaltaverapaz.gob.gt\/index.php?rest_route=\/wp\/v2\/media\/12735"}],"wp:attachment":[{"href":"https:\/\/gobernacionaltaverapaz.gob.gt\/index.php?rest_route=%2Fwp%2Fv2%2Fmedia&parent=12738"}],"wp:term":[{"taxonomy":"category","embeddable":true,"href":"https:\/\/gobernacionaltaverapaz.gob.gt\/index.php?rest_route=%2Fwp%2Fv2%2Fcategories&post=12738"},{"taxonomy":"post_tag","embeddable":true,"href":"https:\/\/gobernacionaltaverapaz.gob.gt\/index.php?rest_route=%2Fwp%2Fv2%2Ftags&post=12738"}],"curies":[{"name":"wp","href":"https:\/\/api.w.org\/{rel}","templated":true}]}}