{"id":12744,"date":"2022-04-05T14:50:09","date_gmt":"2022-04-05T20:50:09","guid":{"rendered":"https:\/\/gobernacionaltaverapaz.gob.gt\/?p=12744"},"modified":"2022-04-18T11:36:56","modified_gmt":"2022-04-18T17:36:56","slug":"protocolo-operativo-del-sistema-nacional-de-prevencin-en-semana-santa-sinaprese","status":"publish","type":"post","link":"https:\/\/gobernacionaltaverapaz.gob.gt\/?p=12744","title":{"rendered":"Protocolo Operativo del Sistema Nacional de Prevenci\u00f3n en Semana Santa (SINAPRESE)"},"content":{"rendered":"<div class=\"cxmmr5t8 oygrvhab hcukyx3x c1et5uql o9v6fnle ii04i59q\">\n<div dir=\"auto\" style=\"text-align: justify;\">El grupo de toma de decisiones del Centro de Operaciones de Emergencia de Alta Verapaz, (CODEDEAV), presidida por el Sr. Gobernador, Dr. Fernando Jerem\u00edas Rodriguez Klarck, en su calidad de director del (SINAPRESE), realiz\u00f3 la tercera reuni\u00f3n de trabajo con el fin de sociabilizar el protocolo antes mencionado.<\/div>\n<div dir=\"auto\" style=\"text-align: justify;\">Tomando en cuenta que este es un trabajo anticipado ante la \u00e9poca de Semana Santa, de manera que se pueda prevenir, mitigar y atender eventos generadores de riesgo y\/o emergencias.<\/div>\n<\/div>\n<div class=\"cxmmr5t8 oygrvhab hcukyx3x c1et5uql o9v6fnle ii04i59q\">\n<div dir=\"auto\" style=\"text-align: justify;\">Tomando en consideraci\u00f3n fechas y horarios para la realizaci\u00f3n de inauguraciones de los campamentos que ser\u00e1n establecidos en el Departamento de Alta Verapaz, espec\u00edficamente en los municipios de Chahal y Lanquin respectivamente.<\/div>\n<\/div>\n<div dir=\"auto\"><\/div>\n<div dir=\"auto\"><\/div>\n<div dir=\"auto\"><\/div>\n<div dir=\"auto\">\n<div><\/div>\n<\/div>\n<p>&nbsp;<\/p>\n","protected":false},"excerpt":{"rendered":"<p>El grupo de toma de decisiones del Centro de Operaciones de Emergencia de Alta Verapaz, (CODEDEAV), presidida por el Sr. Gobernador, Dr. Fernando Jerem\u00edas Rodriguez Klarck, en su calidad de director del (SINAPRESE), realiz\u00f3 la tercera reuni\u00f3n de trabajo con el fin de sociabilizar el protocolo antes mencionado. Tomando en cuenta que este es un [&hellip;]<\/p>\n","protected":false},"author":1,"featured_media":12740,"comment_status":"closed","ping_status":"open","sticky":false,"template":"","format":"gallery","meta":[],"categories":[5],"tags":[178],"_links":{"self":[{"href":"https:\/\/gobernacionaltaverapaz.gob.gt\/index.php?rest_route=\/wp\/v2\/posts\/12744"}],"collection":[{"href":"https:\/\/gobernacionaltaverapaz.gob.gt\/index.php?rest_route=\/wp\/v2\/posts"}],"about":[{"href":"https:\/\/gobernacionaltaverapaz.gob.gt\/index.php?rest_route=\/wp\/v2\/types\/post"}],"author":[{"embeddable":true,"href":"https:\/\/gobernacionaltaverapaz.gob.gt\/index.php?rest_route=\/wp\/v2\/users\/1"}],"replies":[{"embeddable":true,"href":"https:\/\/gobernacionaltaverapaz.gob.gt\/index.php?rest_route=%2Fwp%2Fv2%2Fcomments&post=12744"}],"version-history":[{"count":1,"href":"https:\/\/gobernacionaltaverapaz.gob.gt\/index.php?rest_route=\/wp\/v2\/posts\/12744\/revisions"}],"predecessor-version":[{"id":12745,"href":"https:\/\/gobernacionaltaverapaz.gob.gt\/index.php?rest_route=\/wp\/v2\/posts\/12744\/revisions\/12745"}],"wp:featuredmedia":[{"embeddable":true,"href":"https:\/\/gobernacionaltaverapaz.gob.gt\/index.php?rest_route=\/wp\/v2\/media\/12740"}],"wp:attachment":[{"href":"https:\/\/gobernacionaltaverapaz.gob.gt\/index.php?rest_route=%2Fwp%2Fv2%2Fmedia&parent=12744"}],"wp:term":[{"taxonomy":"category","embeddable":true,"href":"https:\/\/gobernacionaltaverapaz.gob.gt\/index.php?rest_route=%2Fwp%2Fv2%2Fcategories&post=12744"},{"taxonomy":"post_tag","embeddable":true,"href":"https:\/\/gobernacionaltaverapaz.gob.gt\/index.php?rest_route=%2Fwp%2Fv2%2Ftags&post=12744"}],"curies":[{"name":"wp","href":"https:\/\/api.w.org\/{rel}","templated":true}]}}