{"id":12749,"date":"2022-04-18T17:16:40","date_gmt":"2022-04-18T23:16:40","guid":{"rendered":"https:\/\/gobernacionaltaverapaz.gob.gt\/?p=12749"},"modified":"2022-04-25T11:03:05","modified_gmt":"2022-04-25T17:03:05","slug":"planificacion-para-el-taller-con-agencias-cooperantes-en-alta-verapaz","status":"publish","type":"post","link":"https:\/\/gobernacionaltaverapaz.gob.gt\/?p=12749","title":{"rendered":"Planificacion para el Taller con Agencias Cooperantes en Alta Verapaz"},"content":{"rendered":"<p style=\"text-align: justify;\"><span class=\"d2edcug0 hpfvmrgz qv66sw1b c1et5uql lr9zc1uh a8c37x1j fe6kdd0r mau55g9w c8b282yb keod5gw0 nxhoafnm aigsh9s9 d3f4x2em iv3no6db jq4qci2q a3bd9o3v b1v8xokw oo9gr5id hzawbc8m\" dir=\"auto\">En horas de la tarde en el Salon de Reuniones de la Secretaria de Planificacion y Programacion de la Presidencia -SEGEPLAN- se celebr\u00f3 reunion en presencia del Sr. Gobernador de Alta Verapaz Dr. Fernando Jerem\u00edas Rodr\u00edguez Klarck y Miembros de Instituciones Gubernamentales, con la finalidad de afinar detalles para la realizacion de taller en donde se busca afianzar alianzas entre cooperarntes que contribuyen al desarrollo del Departamento de Alta verapaz. Dicha actividad se llevara a cabo en los proximos dias.<\/span><\/p>\n<p>&nbsp;<\/p>\n<div>\n<div><\/div>\n<\/div>\n","protected":false},"excerpt":{"rendered":"<p>En horas de la tarde en el Salon de Reuniones de la Secretaria de Planificacion y Programacion de la Presidencia -SEGEPLAN- se celebr\u00f3 reunion en presencia del Sr. Gobernador de Alta Verapaz Dr. Fernando Jerem\u00edas Rodr\u00edguez Klarck y Miembros de Instituciones Gubernamentales, con la finalidad de afinar detalles para la realizacion de taller en donde [&hellip;]<\/p>\n","protected":false},"author":1,"featured_media":12746,"comment_status":"closed","ping_status":"open","sticky":false,"template":"","format":"gallery","meta":[],"categories":[194],"tags":[178],"_links":{"self":[{"href":"https:\/\/gobernacionaltaverapaz.gob.gt\/index.php?rest_route=\/wp\/v2\/posts\/12749"}],"collection":[{"href":"https:\/\/gobernacionaltaverapaz.gob.gt\/index.php?rest_route=\/wp\/v2\/posts"}],"about":[{"href":"https:\/\/gobernacionaltaverapaz.gob.gt\/index.php?rest_route=\/wp\/v2\/types\/post"}],"author":[{"embeddable":true,"href":"https:\/\/gobernacionaltaverapaz.gob.gt\/index.php?rest_route=\/wp\/v2\/users\/1"}],"replies":[{"embeddable":true,"href":"https:\/\/gobernacionaltaverapaz.gob.gt\/index.php?rest_route=%2Fwp%2Fv2%2Fcomments&post=12749"}],"version-history":[{"count":1,"href":"https:\/\/gobernacionaltaverapaz.gob.gt\/index.php?rest_route=\/wp\/v2\/posts\/12749\/revisions"}],"predecessor-version":[{"id":12750,"href":"https:\/\/gobernacionaltaverapaz.gob.gt\/index.php?rest_route=\/wp\/v2\/posts\/12749\/revisions\/12750"}],"wp:featuredmedia":[{"embeddable":true,"href":"https:\/\/gobernacionaltaverapaz.gob.gt\/index.php?rest_route=\/wp\/v2\/media\/12746"}],"wp:attachment":[{"href":"https:\/\/gobernacionaltaverapaz.gob.gt\/index.php?rest_route=%2Fwp%2Fv2%2Fmedia&parent=12749"}],"wp:term":[{"taxonomy":"category","embeddable":true,"href":"https:\/\/gobernacionaltaverapaz.gob.gt\/index.php?rest_route=%2Fwp%2Fv2%2Fcategories&post=12749"},{"taxonomy":"post_tag","embeddable":true,"href":"https:\/\/gobernacionaltaverapaz.gob.gt\/index.php?rest_route=%2Fwp%2Fv2%2Ftags&post=12749"}],"curies":[{"name":"wp","href":"https:\/\/api.w.org\/{rel}","templated":true}]}}