{"id":12754,"date":"2022-04-19T10:41:24","date_gmt":"2022-04-19T16:41:24","guid":{"rendered":"https:\/\/gobernacionaltaverapaz.gob.gt\/?p=12754"},"modified":"2022-04-25T11:17:55","modified_gmt":"2022-04-25T17:17:55","slug":"se-realiz-reunin-virtual-para-dar-conocer-la-situacin-de-los-delitos-de-violencia-sexual-explotacin-trata-de-personas-en-alta-verapaz","status":"publish","type":"post","link":"https:\/\/gobernacionaltaverapaz.gob.gt\/?p=12754","title":{"rendered":"Reuni\u00f3n virtual para dar a conocer la situaci\u00f3n de los delitos de violencia sexual"},"content":{"rendered":"<p style=\"text-align: justify;\"><span class=\"d2edcug0 hpfvmrgz qv66sw1b c1et5uql lr9zc1uh a8c37x1j fe6kdd0r mau55g9w c8b282yb keod5gw0 nxhoafnm aigsh9s9 d3f4x2em iv3no6db jq4qci2q a3bd9o3v b1v8xokw oo9gr5id hzawbc8m\" dir=\"auto\">La Secretar\u00eda contra la Violencia Sexual, Explotaci\u00f3n y Trata de Personas -SVET- realiz\u00f3 reuni\u00f3n virtual para dar a conocer la situaci\u00f3n de los delitos de violencia sexual, explotaci\u00f3n y trata de personas en Alta Verapaz, en dicha actividad se cont\u00f3 con al participaci\u00f3n de representantes interinstitucionales encabezados por el Dr. Fernando Jerem\u00edas Rodr\u00edguez Klarck, Gobernador Departamental de Alta Verapaz. <\/span><\/p>\n<p>&nbsp;<\/p>\n<div><\/div>\n","protected":false},"excerpt":{"rendered":"<p>La Secretar\u00eda contra la Violencia Sexual, Explotaci\u00f3n y Trata de Personas -SVET- realiz\u00f3 reuni\u00f3n virtual para dar a conocer la situaci\u00f3n de los delitos de violencia sexual, explotaci\u00f3n y trata de personas en Alta Verapaz, en dicha actividad se cont\u00f3 con al participaci\u00f3n de representantes interinstitucionales encabezados por el Dr. Fernando Jerem\u00edas Rodr\u00edguez Klarck, Gobernador [&hellip;]<\/p>\n","protected":false},"author":1,"featured_media":12751,"comment_status":"closed","ping_status":"open","sticky":false,"template":"","format":"gallery","meta":[],"categories":[194],"tags":[178],"_links":{"self":[{"href":"https:\/\/gobernacionaltaverapaz.gob.gt\/index.php?rest_route=\/wp\/v2\/posts\/12754"}],"collection":[{"href":"https:\/\/gobernacionaltaverapaz.gob.gt\/index.php?rest_route=\/wp\/v2\/posts"}],"about":[{"href":"https:\/\/gobernacionaltaverapaz.gob.gt\/index.php?rest_route=\/wp\/v2\/types\/post"}],"author":[{"embeddable":true,"href":"https:\/\/gobernacionaltaverapaz.gob.gt\/index.php?rest_route=\/wp\/v2\/users\/1"}],"replies":[{"embeddable":true,"href":"https:\/\/gobernacionaltaverapaz.gob.gt\/index.php?rest_route=%2Fwp%2Fv2%2Fcomments&post=12754"}],"version-history":[{"count":3,"href":"https:\/\/gobernacionaltaverapaz.gob.gt\/index.php?rest_route=\/wp\/v2\/posts\/12754\/revisions"}],"predecessor-version":[{"id":12757,"href":"https:\/\/gobernacionaltaverapaz.gob.gt\/index.php?rest_route=\/wp\/v2\/posts\/12754\/revisions\/12757"}],"wp:featuredmedia":[{"embeddable":true,"href":"https:\/\/gobernacionaltaverapaz.gob.gt\/index.php?rest_route=\/wp\/v2\/media\/12751"}],"wp:attachment":[{"href":"https:\/\/gobernacionaltaverapaz.gob.gt\/index.php?rest_route=%2Fwp%2Fv2%2Fmedia&parent=12754"}],"wp:term":[{"taxonomy":"category","embeddable":true,"href":"https:\/\/gobernacionaltaverapaz.gob.gt\/index.php?rest_route=%2Fwp%2Fv2%2Fcategories&post=12754"},{"taxonomy":"post_tag","embeddable":true,"href":"https:\/\/gobernacionaltaverapaz.gob.gt\/index.php?rest_route=%2Fwp%2Fv2%2Ftags&post=12754"}],"curies":[{"name":"wp","href":"https:\/\/api.w.org\/{rel}","templated":true}]}}