{"id":12761,"date":"2022-04-19T12:53:59","date_gmt":"2022-04-19T18:53:59","guid":{"rendered":"https:\/\/gobernacionaltaverapaz.gob.gt\/?p=12761"},"modified":"2022-04-25T11:34:28","modified_gmt":"2022-04-25T17:34:28","slug":"reunin-con-asociacin-miembro-de-agencias-cooperantes-en-alta-verapaz","status":"publish","type":"post","link":"https:\/\/gobernacionaltaverapaz.gob.gt\/?p=12761","title":{"rendered":"Reuni\u00f3n con Asociaci\u00f3n Miembro de Agencias Cooperantes en Alta Verapaz"},"content":{"rendered":"<p style=\"text-align: justify;\"><span class=\"d2edcug0 hpfvmrgz qv66sw1b c1et5uql lr9zc1uh a8c37x1j fe6kdd0r mau55g9w c8b282yb keod5gw0 nxhoafnm aigsh9s9 d3f4x2em iv3no6db jq4qci2q a3bd9o3v b1v8xokw oo9gr5id hzawbc8m\" dir=\"auto\">Representantes de Asociacion CONI hicieron presencia en el despacho del Palacio de Gobernacion de Alta Verapaz con el objetivo de establecer lazos de comunicaci\u00f3n y cooperaci\u00f3n con el Sr. Gobernador Dr. Fernando Jerem\u00edas Klarck, tomando como eje principal acciones que impulsen el desarrollo del Departamento. <\/span><\/p>\n<p>&nbsp;<\/p>\n<div><\/div>\n","protected":false},"excerpt":{"rendered":"<p>Representantes de Asociacion CONI hicieron presencia en el despacho del Palacio de Gobernacion de Alta Verapaz con el objetivo de establecer lazos de comunicaci\u00f3n y cooperaci\u00f3n con el Sr. Gobernador Dr. Fernando Jerem\u00edas Klarck, tomando como eje principal acciones que impulsen el desarrollo del Departamento. &nbsp;<\/p>\n","protected":false},"author":1,"featured_media":12758,"comment_status":"closed","ping_status":"open","sticky":false,"template":"","format":"gallery","meta":[],"categories":[194],"tags":[178],"_links":{"self":[{"href":"https:\/\/gobernacionaltaverapaz.gob.gt\/index.php?rest_route=\/wp\/v2\/posts\/12761"}],"collection":[{"href":"https:\/\/gobernacionaltaverapaz.gob.gt\/index.php?rest_route=\/wp\/v2\/posts"}],"about":[{"href":"https:\/\/gobernacionaltaverapaz.gob.gt\/index.php?rest_route=\/wp\/v2\/types\/post"}],"author":[{"embeddable":true,"href":"https:\/\/gobernacionaltaverapaz.gob.gt\/index.php?rest_route=\/wp\/v2\/users\/1"}],"replies":[{"embeddable":true,"href":"https:\/\/gobernacionaltaverapaz.gob.gt\/index.php?rest_route=%2Fwp%2Fv2%2Fcomments&post=12761"}],"version-history":[{"count":1,"href":"https:\/\/gobernacionaltaverapaz.gob.gt\/index.php?rest_route=\/wp\/v2\/posts\/12761\/revisions"}],"predecessor-version":[{"id":12762,"href":"https:\/\/gobernacionaltaverapaz.gob.gt\/index.php?rest_route=\/wp\/v2\/posts\/12761\/revisions\/12762"}],"wp:featuredmedia":[{"embeddable":true,"href":"https:\/\/gobernacionaltaverapaz.gob.gt\/index.php?rest_route=\/wp\/v2\/media\/12758"}],"wp:attachment":[{"href":"https:\/\/gobernacionaltaverapaz.gob.gt\/index.php?rest_route=%2Fwp%2Fv2%2Fmedia&parent=12761"}],"wp:term":[{"taxonomy":"category","embeddable":true,"href":"https:\/\/gobernacionaltaverapaz.gob.gt\/index.php?rest_route=%2Fwp%2Fv2%2Fcategories&post=12761"},{"taxonomy":"post_tag","embeddable":true,"href":"https:\/\/gobernacionaltaverapaz.gob.gt\/index.php?rest_route=%2Fwp%2Fv2%2Ftags&post=12761"}],"curies":[{"name":"wp","href":"https:\/\/api.w.org\/{rel}","templated":true}]}}