{"id":12772,"date":"2022-04-19T18:22:17","date_gmt":"2022-04-20T00:22:17","guid":{"rendered":"https:\/\/gobernacionaltaverapaz.gob.gt\/?p=12772"},"modified":"2022-05-06T12:27:40","modified_gmt":"2022-05-06T18:27:40","slug":"reunin-con-artesanos-del-departamento-de-alta-verapaz-2","status":"publish","type":"post","link":"https:\/\/gobernacionaltaverapaz.gob.gt\/?p=12772","title":{"rendered":"Reuni\u00f3n con artesanos del departamento de Alta Verapaz"},"content":{"rendered":"<div class=\"cxmmr5t8 oygrvhab hcukyx3x c1et5uql o9v6fnle ii04i59q\">\n<div dir=\"auto\" style=\"text-align: justify;\">En el Sal\u00f3n de las Am\u00e9ricas del Palacio de Gobernaci\u00f3n se llev\u00f3 a cabo reuni\u00f3n convocada por el Sr. Gobernador de Alta Verapaz Dr. Fernando Jerem\u00edas Rodr\u00edguez Klarck, en compa\u00f1\u00eda del delegado del Ministerio de Cultura y Deportes Prof. Axel Ren\u00e9 Bac y Artesanos de distintos municipios del departamento.<\/div>\n<\/div>\n<div class=\"cxmmr5t8 oygrvhab hcukyx3x c1et5uql o9v6fnle ii04i59q\" style=\"text-align: justify;\">\n<div dir=\"auto\">El objetivo de esta, fue el acercamiento con autoridades de artesanos productores de la localidad y de esta manera buscar soluciones para la reactivaci\u00f3n econ\u00f3mica de estos, as\u00ed mismo poder asignar el lugar a ocupar para el desarrollo de sus actividades.<\/div>\n<\/div>\n<div class=\"cxmmr5t8 oygrvhab hcukyx3x c1et5uql o9v6fnle ii04i59q\">\n<div dir=\"auto\" style=\"text-align: justify;\">En dicha reuni\u00f3n se aprovech\u00f3 el espacio para establecer una junta directiva provisional, con la cual se pretende mantener una organizaci\u00f3n y un control en los espacios asignados.<\/div>\n<\/div>\n<div dir=\"auto\"><\/div>\n<div dir=\"auto\"><\/div>\n<div dir=\"auto\">\n<div><\/div>\n<\/div>\n<p>&nbsp;<\/p>\n","protected":false},"excerpt":{"rendered":"<p>En el Sal\u00f3n de las Am\u00e9ricas del Palacio de Gobernaci\u00f3n se llev\u00f3 a cabo reuni\u00f3n convocada por el Sr. Gobernador de Alta Verapaz Dr. Fernando Jerem\u00edas Rodr\u00edguez Klarck, en compa\u00f1\u00eda del delegado del Ministerio de Cultura y Deportes Prof. Axel Ren\u00e9 Bac y Artesanos de distintos municipios del departamento. El objetivo de esta, fue el [&hellip;]<\/p>\n","protected":false},"author":1,"featured_media":12768,"comment_status":"closed","ping_status":"open","sticky":false,"template":"","format":"gallery","meta":[],"categories":[194],"tags":[178],"_links":{"self":[{"href":"https:\/\/gobernacionaltaverapaz.gob.gt\/index.php?rest_route=\/wp\/v2\/posts\/12772"}],"collection":[{"href":"https:\/\/gobernacionaltaverapaz.gob.gt\/index.php?rest_route=\/wp\/v2\/posts"}],"about":[{"href":"https:\/\/gobernacionaltaverapaz.gob.gt\/index.php?rest_route=\/wp\/v2\/types\/post"}],"author":[{"embeddable":true,"href":"https:\/\/gobernacionaltaverapaz.gob.gt\/index.php?rest_route=\/wp\/v2\/users\/1"}],"replies":[{"embeddable":true,"href":"https:\/\/gobernacionaltaverapaz.gob.gt\/index.php?rest_route=%2Fwp%2Fv2%2Fcomments&post=12772"}],"version-history":[{"count":1,"href":"https:\/\/gobernacionaltaverapaz.gob.gt\/index.php?rest_route=\/wp\/v2\/posts\/12772\/revisions"}],"predecessor-version":[{"id":12773,"href":"https:\/\/gobernacionaltaverapaz.gob.gt\/index.php?rest_route=\/wp\/v2\/posts\/12772\/revisions\/12773"}],"wp:featuredmedia":[{"embeddable":true,"href":"https:\/\/gobernacionaltaverapaz.gob.gt\/index.php?rest_route=\/wp\/v2\/media\/12768"}],"wp:attachment":[{"href":"https:\/\/gobernacionaltaverapaz.gob.gt\/index.php?rest_route=%2Fwp%2Fv2%2Fmedia&parent=12772"}],"wp:term":[{"taxonomy":"category","embeddable":true,"href":"https:\/\/gobernacionaltaverapaz.gob.gt\/index.php?rest_route=%2Fwp%2Fv2%2Fcategories&post=12772"},{"taxonomy":"post_tag","embeddable":true,"href":"https:\/\/gobernacionaltaverapaz.gob.gt\/index.php?rest_route=%2Fwp%2Fv2%2Ftags&post=12772"}],"curies":[{"name":"wp","href":"https:\/\/api.w.org\/{rel}","templated":true}]}}