{"id":12777,"date":"2022-04-21T12:10:53","date_gmt":"2022-04-21T18:10:53","guid":{"rendered":"https:\/\/gobernacionaltaverapaz.gob.gt\/?p=12777"},"modified":"2022-05-06T12:37:14","modified_gmt":"2022-05-06T18:37:14","slug":"mejoramiento-de-carretera-en-la-aldea-campur","status":"publish","type":"post","link":"https:\/\/gobernacionaltaverapaz.gob.gt\/?p=12777","title":{"rendered":"Mejoramiento de carretera en la Aldea Campur"},"content":{"rendered":"<p style=\"text-align: justify;\"><span class=\"d2edcug0 hpfvmrgz qv66sw1b c1et5uql lr9zc1uh a8c37x1j fe6kdd0r mau55g9w c8b282yb keod5gw0 nxhoafnm aigsh9s9 d3f4x2em iv3no6db jq4qci2q a3bd9o3v b1v8xokw oo9gr5id hzawbc8m\" dir=\"auto\">Como parte del Plan de Gobierno del presidente Dr. Alejandro Giammattei y el CIV- Ministerio de Comunicaciones y las gestiones realizadas por parte del Sr. Gobernador Departametal de Alta Verapaz, Dr. Fernando Jerem\u00edas Klarck, el d\u00eda hoy la compa\u00f1\u00eda CONCAY se hizo presente en la aldea Campur Municipo de San Pedro Carcha, con el objetivo de reiniciar el mejoramiento de carretera en dicho sector. <\/span><\/p>\n<p>&nbsp;<\/p>\n<div><\/div>\n","protected":false},"excerpt":{"rendered":"<p>Como parte del Plan de Gobierno del presidente Dr. Alejandro Giammattei y el CIV- Ministerio de Comunicaciones y las gestiones realizadas por parte del Sr. Gobernador Departametal de Alta Verapaz, Dr. Fernando Jerem\u00edas Klarck, el d\u00eda hoy la compa\u00f1\u00eda CONCAY se hizo presente en la aldea Campur Municipo de San Pedro Carcha, con el objetivo [&hellip;]<\/p>\n","protected":false},"author":1,"featured_media":12774,"comment_status":"closed","ping_status":"open","sticky":false,"template":"","format":"gallery","meta":[],"categories":[4],"tags":[178],"_links":{"self":[{"href":"https:\/\/gobernacionaltaverapaz.gob.gt\/index.php?rest_route=\/wp\/v2\/posts\/12777"}],"collection":[{"href":"https:\/\/gobernacionaltaverapaz.gob.gt\/index.php?rest_route=\/wp\/v2\/posts"}],"about":[{"href":"https:\/\/gobernacionaltaverapaz.gob.gt\/index.php?rest_route=\/wp\/v2\/types\/post"}],"author":[{"embeddable":true,"href":"https:\/\/gobernacionaltaverapaz.gob.gt\/index.php?rest_route=\/wp\/v2\/users\/1"}],"replies":[{"embeddable":true,"href":"https:\/\/gobernacionaltaverapaz.gob.gt\/index.php?rest_route=%2Fwp%2Fv2%2Fcomments&post=12777"}],"version-history":[{"count":1,"href":"https:\/\/gobernacionaltaverapaz.gob.gt\/index.php?rest_route=\/wp\/v2\/posts\/12777\/revisions"}],"predecessor-version":[{"id":12778,"href":"https:\/\/gobernacionaltaverapaz.gob.gt\/index.php?rest_route=\/wp\/v2\/posts\/12777\/revisions\/12778"}],"wp:featuredmedia":[{"embeddable":true,"href":"https:\/\/gobernacionaltaverapaz.gob.gt\/index.php?rest_route=\/wp\/v2\/media\/12774"}],"wp:attachment":[{"href":"https:\/\/gobernacionaltaverapaz.gob.gt\/index.php?rest_route=%2Fwp%2Fv2%2Fmedia&parent=12777"}],"wp:term":[{"taxonomy":"category","embeddable":true,"href":"https:\/\/gobernacionaltaverapaz.gob.gt\/index.php?rest_route=%2Fwp%2Fv2%2Fcategories&post=12777"},{"taxonomy":"post_tag","embeddable":true,"href":"https:\/\/gobernacionaltaverapaz.gob.gt\/index.php?rest_route=%2Fwp%2Fv2%2Ftags&post=12777"}],"curies":[{"name":"wp","href":"https:\/\/api.w.org\/{rel}","templated":true}]}}