{"id":12784,"date":"2022-04-21T12:58:56","date_gmt":"2022-04-21T18:58:56","guid":{"rendered":"https:\/\/gobernacionaltaverapaz.gob.gt\/?p=12784"},"modified":"2022-05-06T12:50:25","modified_gmt":"2022-05-06T18:50:25","slug":"taller-para-la-coordinacin-interinstitucional","status":"publish","type":"post","link":"https:\/\/gobernacionaltaverapaz.gob.gt\/?p=12784","title":{"rendered":"Taller para la Coordinaci\u00f3n Interinstitucional"},"content":{"rendered":"<div class=\"cxmmr5t8 oygrvhab hcukyx3x c1et5uql o9v6fnle ii04i59q\">\n<div dir=\"auto\" style=\"text-align: justify;\">El Sr. Gobernador Departamental Dr. Fernando Jerem\u00edas Rodr\u00edguez Klarck, participa en el taller para la coordinacion intersintirucional para la asesoria t\u00e9cnica a las municipalidades e implementacion de los PDM-OT aprobados de los municipios priorizados, con el objetivo de construir espacios de dialogo entre los gobiernos locales e instituciones para dimensionar la importancia beneficios y desafios, asi como definir compromisos conjuntos para implemtear acciones que permitan alcanzar los resultados y metas de desarrollo y ordenamiento territorial municipal.<\/div>\n<\/div>\n<div class=\"cxmmr5t8 oygrvhab hcukyx3x c1et5uql o9v6fnle ii04i59q\">\n<div dir=\"auto\" style=\"text-align: justify;\">Taller que se realizo en Alta Verapaz , en mencionada actividad participan la Sra. gobernadora de Baja Verapaz Licda. Maria Rubidia Ascencio Pelaez, representantes y jefes intitucionales. <a class=\"oajrlxb2 g5ia77u1 qu0x051f esr5mh6w e9989ue4 r7d6kgcz rq0escxv nhd2j8a9 nc684nl6 p7hjln8o kvgmc6g5 cxmmr5t8 oygrvhab hcukyx3x jb3vyjys rz4wbd8a qt6c0cv9 a8nywdso i1ao9s8h esuyzwwr f1sip0of lzcic4wl gpro0wi8 q66pz984 b1v8xokw\" tabindex=\"0\" role=\"link\" href=\"https:\/\/www.facebook.com\/maga.gt?__cft__[0]=AZVsyZVpPcY1vZL6Nw6n_rhHe1t8ko5ol1eyYN9dsuX0pIav5nFFEj2LysfvFaDeyLxRo7nAjcrEor4CMbkXe4jt2NHW5gxXOLJ0X80xC7oumxdH1QbBuKYnTd16Qht2ngcR6e74SrSYalr6lWFtIjxv&amp;__tn__=-]K-R\"><span class=\"nc684nl6\">Ministerio de Agricultura, Ganader\u00eda y Alimentaci\u00f3n &#8211; MAGA<\/span><\/a>, <a class=\"oajrlxb2 g5ia77u1 qu0x051f esr5mh6w e9989ue4 r7d6kgcz rq0escxv nhd2j8a9 nc684nl6 p7hjln8o kvgmc6g5 cxmmr5t8 oygrvhab hcukyx3x jb3vyjys rz4wbd8a qt6c0cv9 a8nywdso i1ao9s8h esuyzwwr f1sip0of lzcic4wl gpro0wi8 q66pz984 b1v8xokw\" tabindex=\"0\" role=\"link\" href=\"https:\/\/www.facebook.com\/marngtambiente?__cft__[0]=AZVsyZVpPcY1vZL6Nw6n_rhHe1t8ko5ol1eyYN9dsuX0pIav5nFFEj2LysfvFaDeyLxRo7nAjcrEor4CMbkXe4jt2NHW5gxXOLJ0X80xC7oumxdH1QbBuKYnTd16Qht2ngcR6e74SrSYalr6lWFtIjxv&amp;__tn__=-]K-R\"><span class=\"nc684nl6\">MARN<\/span><\/a><a class=\"oajrlxb2 g5ia77u1 qu0x051f esr5mh6w e9989ue4 r7d6kgcz rq0escxv nhd2j8a9 nc684nl6 p7hjln8o kvgmc6g5 cxmmr5t8 oygrvhab hcukyx3x jb3vyjys rz4wbd8a qt6c0cv9 a8nywdso i1ao9s8h esuyzwwr f1sip0of lzcic4wl gpro0wi8 q66pz984 b1v8xokw\" tabindex=\"0\" role=\"link\" href=\"https:\/\/www.facebook.com\/civguate?__cft__[0]=AZVsyZVpPcY1vZL6Nw6n_rhHe1t8ko5ol1eyYN9dsuX0pIav5nFFEj2LysfvFaDeyLxRo7nAjcrEor4CMbkXe4jt2NHW5gxXOLJ0X80xC7oumxdH1QbBuKYnTd16Qht2ngcR6e74SrSYalr6lWFtIjxv&amp;__tn__=-]K-R\"><span class=\"nc684nl6\">CIV- Ministerio de Comunicaciones<\/span><\/a><a class=\"oajrlxb2 g5ia77u1 qu0x051f esr5mh6w e9989ue4 r7d6kgcz rq0escxv nhd2j8a9 nc684nl6 p7hjln8o kvgmc6g5 cxmmr5t8 oygrvhab hcukyx3x jb3vyjys rz4wbd8a qt6c0cv9 a8nywdso i1ao9s8h esuyzwwr f1sip0of lzcic4wl gpro0wi8 q66pz984 b1v8xokw\" tabindex=\"0\" role=\"link\" href=\"https:\/\/www.facebook.com\/SegeplanGT?__cft__[0]=AZVsyZVpPcY1vZL6Nw6n_rhHe1t8ko5ol1eyYN9dsuX0pIav5nFFEj2LysfvFaDeyLxRo7nAjcrEor4CMbkXe4jt2NHW5gxXOLJ0X80xC7oumxdH1QbBuKYnTd16Qht2ngcR6e74SrSYalr6lWFtIjxv&amp;__tn__=-]K-R\"><span class=\"nc684nl6\">SEGEPLAN<\/span><\/a> RIC INFOM IGN MINFIN SE-CONRED, actividad planificada a trav\u00e9s de la Comisi\u00f3n Presidencial de Asuntos Municiaples -COPRESAM-.<\/div>\n<\/div>\n<div dir=\"auto\"><\/div>\n<div dir=\"auto\"><\/div>\n<div dir=\"auto\">\n<div><\/div>\n<\/div>\n<p>&nbsp;<\/p>\n","protected":false},"excerpt":{"rendered":"<p>El Sr. Gobernador Departamental Dr. Fernando Jerem\u00edas Rodr\u00edguez Klarck, participa en el taller para la coordinacion intersintirucional para la asesoria t\u00e9cnica a las municipalidades e implementacion de los PDM-OT aprobados de los municipios priorizados, con el objetivo de construir espacios de dialogo entre los gobiernos locales e instituciones para dimensionar la importancia beneficios y desafios, [&hellip;]<\/p>\n","protected":false},"author":1,"featured_media":12779,"comment_status":"closed","ping_status":"open","sticky":false,"template":"","format":"gallery","meta":[],"categories":[194],"tags":[178],"_links":{"self":[{"href":"https:\/\/gobernacionaltaverapaz.gob.gt\/index.php?rest_route=\/wp\/v2\/posts\/12784"}],"collection":[{"href":"https:\/\/gobernacionaltaverapaz.gob.gt\/index.php?rest_route=\/wp\/v2\/posts"}],"about":[{"href":"https:\/\/gobernacionaltaverapaz.gob.gt\/index.php?rest_route=\/wp\/v2\/types\/post"}],"author":[{"embeddable":true,"href":"https:\/\/gobernacionaltaverapaz.gob.gt\/index.php?rest_route=\/wp\/v2\/users\/1"}],"replies":[{"embeddable":true,"href":"https:\/\/gobernacionaltaverapaz.gob.gt\/index.php?rest_route=%2Fwp%2Fv2%2Fcomments&post=12784"}],"version-history":[{"count":1,"href":"https:\/\/gobernacionaltaverapaz.gob.gt\/index.php?rest_route=\/wp\/v2\/posts\/12784\/revisions"}],"predecessor-version":[{"id":12785,"href":"https:\/\/gobernacionaltaverapaz.gob.gt\/index.php?rest_route=\/wp\/v2\/posts\/12784\/revisions\/12785"}],"wp:featuredmedia":[{"embeddable":true,"href":"https:\/\/gobernacionaltaverapaz.gob.gt\/index.php?rest_route=\/wp\/v2\/media\/12779"}],"wp:attachment":[{"href":"https:\/\/gobernacionaltaverapaz.gob.gt\/index.php?rest_route=%2Fwp%2Fv2%2Fmedia&parent=12784"}],"wp:term":[{"taxonomy":"category","embeddable":true,"href":"https:\/\/gobernacionaltaverapaz.gob.gt\/index.php?rest_route=%2Fwp%2Fv2%2Fcategories&post=12784"},{"taxonomy":"post_tag","embeddable":true,"href":"https:\/\/gobernacionaltaverapaz.gob.gt\/index.php?rest_route=%2Fwp%2Fv2%2Ftags&post=12784"}],"curies":[{"name":"wp","href":"https:\/\/api.w.org\/{rel}","templated":true}]}}