{"id":12789,"date":"2022-04-21T16:07:14","date_gmt":"2022-04-21T22:07:14","guid":{"rendered":"https:\/\/gobernacionaltaverapaz.gob.gt\/?p=12789"},"modified":"2022-05-06T12:58:32","modified_gmt":"2022-05-06T18:58:32","slug":"actividad-para-la-entrega-de-reconocimiento-al-gobernador-de-alta-verapaz","status":"publish","type":"post","link":"https:\/\/gobernacionaltaverapaz.gob.gt\/?p=12789","title":{"rendered":"Actividad para la entrega de reconocimiento al Gobernador de Alta Verapaz"},"content":{"rendered":"<div class=\"cxmmr5t8 oygrvhab hcukyx3x c1et5uql o9v6fnle ii04i59q\">\n<div dir=\"auto\" style=\"text-align: justify;\">El Instituto Nacional de Cooperativas -INACOP- fundamentado en su mision siendo esta la de fomentar el cooperativismo en sus distintas manifestaciones y niveles de organizaci\u00f3n para su registro, proporcionando asistencia t\u00e9cnica y servicios incluyentes, logrando su desarrollo exitoso y sostenible, como un modelo para el impulso econ\u00f3mico \u2013 social del pa\u00eds.\u200b<\/div>\n<\/div>\n<div class=\"cxmmr5t8 oygrvhab hcukyx3x c1et5uql o9v6fnle ii04i59q\">\n<div dir=\"auto\" style=\"text-align: justify;\">Realiz\u00f3 el dia de hoy actividad para la entrega de reconocimiento al Gobernador de Alta Verapaz Dr. Fernando Jeremias Rodriguez Klarck por el compromiso y apoyo manifestado a las cooperativas del departamento asi mismo a la Gobernadora de Baja Verapaz Licda. Maria Rubidia Ascencio, de igual modo se extendieron reconocimientos a las cooperativas que desarrollan sus actividades en Ambos departamentos.<\/div>\n<\/div>\n<div dir=\"auto\"><\/div>\n<div dir=\"auto\">\n<div><\/div>\n<\/div>\n<p>&nbsp;<\/p>\n","protected":false},"excerpt":{"rendered":"<p>El Instituto Nacional de Cooperativas -INACOP- fundamentado en su mision siendo esta la de fomentar el cooperativismo en sus distintas manifestaciones y niveles de organizaci\u00f3n para su registro, proporcionando asistencia t\u00e9cnica y servicios incluyentes, logrando su desarrollo exitoso y sostenible, como un modelo para el impulso econ\u00f3mico \u2013 social del pa\u00eds.\u200b Realiz\u00f3 el dia de [&hellip;]<\/p>\n","protected":false},"author":1,"featured_media":12786,"comment_status":"closed","ping_status":"open","sticky":false,"template":"","format":"gallery","meta":[],"categories":[183],"tags":[178],"_links":{"self":[{"href":"https:\/\/gobernacionaltaverapaz.gob.gt\/index.php?rest_route=\/wp\/v2\/posts\/12789"}],"collection":[{"href":"https:\/\/gobernacionaltaverapaz.gob.gt\/index.php?rest_route=\/wp\/v2\/posts"}],"about":[{"href":"https:\/\/gobernacionaltaverapaz.gob.gt\/index.php?rest_route=\/wp\/v2\/types\/post"}],"author":[{"embeddable":true,"href":"https:\/\/gobernacionaltaverapaz.gob.gt\/index.php?rest_route=\/wp\/v2\/users\/1"}],"replies":[{"embeddable":true,"href":"https:\/\/gobernacionaltaverapaz.gob.gt\/index.php?rest_route=%2Fwp%2Fv2%2Fcomments&post=12789"}],"version-history":[{"count":1,"href":"https:\/\/gobernacionaltaverapaz.gob.gt\/index.php?rest_route=\/wp\/v2\/posts\/12789\/revisions"}],"predecessor-version":[{"id":12790,"href":"https:\/\/gobernacionaltaverapaz.gob.gt\/index.php?rest_route=\/wp\/v2\/posts\/12789\/revisions\/12790"}],"wp:featuredmedia":[{"embeddable":true,"href":"https:\/\/gobernacionaltaverapaz.gob.gt\/index.php?rest_route=\/wp\/v2\/media\/12786"}],"wp:attachment":[{"href":"https:\/\/gobernacionaltaverapaz.gob.gt\/index.php?rest_route=%2Fwp%2Fv2%2Fmedia&parent=12789"}],"wp:term":[{"taxonomy":"category","embeddable":true,"href":"https:\/\/gobernacionaltaverapaz.gob.gt\/index.php?rest_route=%2Fwp%2Fv2%2Fcategories&post=12789"},{"taxonomy":"post_tag","embeddable":true,"href":"https:\/\/gobernacionaltaverapaz.gob.gt\/index.php?rest_route=%2Fwp%2Fv2%2Ftags&post=12789"}],"curies":[{"name":"wp","href":"https:\/\/api.w.org\/{rel}","templated":true}]}}