{"id":12801,"date":"2022-04-22T14:02:44","date_gmt":"2022-04-22T20:02:44","guid":{"rendered":"https:\/\/gobernacionaltaverapaz.gob.gt\/?p=12801"},"modified":"2022-05-06T14:58:10","modified_gmt":"2022-05-06T20:58:10","slug":"mesa-tcnica-con-alcaldes-municipales","status":"publish","type":"post","link":"https:\/\/gobernacionaltaverapaz.gob.gt\/?p=12801","title":{"rendered":"Mesa t\u00e9cnica con Alcaldes Municipales"},"content":{"rendered":"<div class=\"cxmmr5t8 oygrvhab hcukyx3x c1et5uql o9v6fnle ii04i59q\">\n<div dir=\"auto\" style=\"text-align: justify;\">En el sal\u00f3n de las am\u00e9ricas del Palacio de Gobernaci\u00f3n Departamental de Alta Verapaz se llevo a cabo reuni\u00f3n t\u00e9cnica con alcaldes municipales encabezados por el Sr. Gobernador Dr. Fernando Jerem\u00edas Rodr\u00edguez Klarck, en su calidad de presidente del consejo de desarrollo de Alta Verapaz (CODEDEAV), Con el prop\u00f3sito Identificar y priorizar las ideas de los proyectos estrat\u00e9gicos para la actualizaci\u00f3n de informaci\u00f3n del Plan de Desarrollo Departamental (PDD) de Alta Verapaz.<\/div>\n<\/div>\n<div class=\"cxmmr5t8 oygrvhab hcukyx3x c1et5uql o9v6fnle ii04i59q\">\n<div dir=\"auto\" style=\"text-align: justify;\">Se formaron grupos de trabajo compuestos por alcaldes a base de regiones, para proponer distintos proyectos a su favor, teniendo como objetivo principal favorecer a m\u00e1s de un municipio, tomando en cuenta las prioridades de cada uno de ellos.<\/div>\n<\/div>\n<div dir=\"auto\"><\/div>\n<div dir=\"auto\"><\/div>\n<div dir=\"auto\">\n<div><\/div>\n<\/div>\n<p>&nbsp;<\/p>\n","protected":false},"excerpt":{"rendered":"<p>En el sal\u00f3n de las am\u00e9ricas del Palacio de Gobernaci\u00f3n Departamental de Alta Verapaz se llevo a cabo reuni\u00f3n t\u00e9cnica con alcaldes municipales encabezados por el Sr. Gobernador Dr. Fernando Jerem\u00edas Rodr\u00edguez Klarck, en su calidad de presidente del consejo de desarrollo de Alta Verapaz (CODEDEAV), Con el prop\u00f3sito Identificar y priorizar las ideas de [&hellip;]<\/p>\n","protected":false},"author":1,"featured_media":12796,"comment_status":"closed","ping_status":"open","sticky":false,"template":"","format":"gallery","meta":[],"categories":[194],"tags":[178],"_links":{"self":[{"href":"https:\/\/gobernacionaltaverapaz.gob.gt\/index.php?rest_route=\/wp\/v2\/posts\/12801"}],"collection":[{"href":"https:\/\/gobernacionaltaverapaz.gob.gt\/index.php?rest_route=\/wp\/v2\/posts"}],"about":[{"href":"https:\/\/gobernacionaltaverapaz.gob.gt\/index.php?rest_route=\/wp\/v2\/types\/post"}],"author":[{"embeddable":true,"href":"https:\/\/gobernacionaltaverapaz.gob.gt\/index.php?rest_route=\/wp\/v2\/users\/1"}],"replies":[{"embeddable":true,"href":"https:\/\/gobernacionaltaverapaz.gob.gt\/index.php?rest_route=%2Fwp%2Fv2%2Fcomments&post=12801"}],"version-history":[{"count":1,"href":"https:\/\/gobernacionaltaverapaz.gob.gt\/index.php?rest_route=\/wp\/v2\/posts\/12801\/revisions"}],"predecessor-version":[{"id":12802,"href":"https:\/\/gobernacionaltaverapaz.gob.gt\/index.php?rest_route=\/wp\/v2\/posts\/12801\/revisions\/12802"}],"wp:featuredmedia":[{"embeddable":true,"href":"https:\/\/gobernacionaltaverapaz.gob.gt\/index.php?rest_route=\/wp\/v2\/media\/12796"}],"wp:attachment":[{"href":"https:\/\/gobernacionaltaverapaz.gob.gt\/index.php?rest_route=%2Fwp%2Fv2%2Fmedia&parent=12801"}],"wp:term":[{"taxonomy":"category","embeddable":true,"href":"https:\/\/gobernacionaltaverapaz.gob.gt\/index.php?rest_route=%2Fwp%2Fv2%2Fcategories&post=12801"},{"taxonomy":"post_tag","embeddable":true,"href":"https:\/\/gobernacionaltaverapaz.gob.gt\/index.php?rest_route=%2Fwp%2Fv2%2Ftags&post=12801"}],"curies":[{"name":"wp","href":"https:\/\/api.w.org\/{rel}","templated":true}]}}