{"id":12817,"date":"2022-05-13T11:54:43","date_gmt":"2022-05-13T17:54:43","guid":{"rendered":"https:\/\/gobernacionaltaverapaz.gob.gt\/?p=12817"},"modified":"2022-05-16T16:00:30","modified_gmt":"2022-05-16T22:00:30","slug":"reunin-con-el-magister-eddy-cano","status":"publish","type":"post","link":"https:\/\/gobernacionaltaverapaz.gob.gt\/?p=12817","title":{"rendered":"Reuni\u00f3n con El Magister Eddy Cano"},"content":{"rendered":"<div class=\"cxmmr5t8 oygrvhab hcukyx3x c1et5uql o9v6fnle ii04i59q\">\n<div dir=\"auto\" style=\"text-align: justify;\">El Dr. Fernando Klarck Gobernador Departamental de Alta Verapaz, sostuvo una importante reuni\u00f3n con El Magister Eddy Cano, Subdirector Ejecutivo de la Comisi\u00f3n Presidencial por la Paz y los Derechos Humanos (COPADEH). El objetivo del acercamiento, es dar seguimiento al respeto, la promoci\u00f3n y vigilancia de los derechos humanos, el fortalecimiento de la paz y la atenci\u00f3n a la conflictividad.<\/div>\n<div dir=\"auto\" style=\"text-align: justify;\">Durante la reuni\u00f3n, los funcionarios conversaron sobre la importancia que conlleva la continuidad del trabajo de la COPADEH y llegaron a importantes acuerdos para seguir con la promoci\u00f3n de la agenda de la Comisi\u00f3n Presidencial, en la regi\u00f3n verapacense. El Dr. Fernando Klarck percibi\u00f3 a detalle, los objetivos de la COPADEH a nivel nacional en materia de Derechos Humanos, los talleres y los conversatorios que buscan la consolidaci\u00f3n de verdaderos l\u00edderes.<\/div>\n<\/div>\n<div dir=\"auto\"><\/div>\n<div dir=\"auto\"><\/div>\n<div dir=\"auto\">\n<div><\/div>\n<\/div>\n<p>&nbsp;<\/p>\n","protected":false},"excerpt":{"rendered":"<p>El Dr. Fernando Klarck Gobernador Departamental de Alta Verapaz, sostuvo una importante reuni\u00f3n con El Magister Eddy Cano, Subdirector Ejecutivo de la Comisi\u00f3n Presidencial por la Paz y los Derechos Humanos (COPADEH). El objetivo del acercamiento, es dar seguimiento al respeto, la promoci\u00f3n y vigilancia de los derechos humanos, el fortalecimiento de la paz y [&hellip;]<\/p>\n","protected":false},"author":1,"featured_media":12814,"comment_status":"closed","ping_status":"open","sticky":false,"template":"","format":"gallery","meta":[],"categories":[191],"tags":[178],"_links":{"self":[{"href":"https:\/\/gobernacionaltaverapaz.gob.gt\/index.php?rest_route=\/wp\/v2\/posts\/12817"}],"collection":[{"href":"https:\/\/gobernacionaltaverapaz.gob.gt\/index.php?rest_route=\/wp\/v2\/posts"}],"about":[{"href":"https:\/\/gobernacionaltaverapaz.gob.gt\/index.php?rest_route=\/wp\/v2\/types\/post"}],"author":[{"embeddable":true,"href":"https:\/\/gobernacionaltaverapaz.gob.gt\/index.php?rest_route=\/wp\/v2\/users\/1"}],"replies":[{"embeddable":true,"href":"https:\/\/gobernacionaltaverapaz.gob.gt\/index.php?rest_route=%2Fwp%2Fv2%2Fcomments&post=12817"}],"version-history":[{"count":1,"href":"https:\/\/gobernacionaltaverapaz.gob.gt\/index.php?rest_route=\/wp\/v2\/posts\/12817\/revisions"}],"predecessor-version":[{"id":12818,"href":"https:\/\/gobernacionaltaverapaz.gob.gt\/index.php?rest_route=\/wp\/v2\/posts\/12817\/revisions\/12818"}],"wp:featuredmedia":[{"embeddable":true,"href":"https:\/\/gobernacionaltaverapaz.gob.gt\/index.php?rest_route=\/wp\/v2\/media\/12814"}],"wp:attachment":[{"href":"https:\/\/gobernacionaltaverapaz.gob.gt\/index.php?rest_route=%2Fwp%2Fv2%2Fmedia&parent=12817"}],"wp:term":[{"taxonomy":"category","embeddable":true,"href":"https:\/\/gobernacionaltaverapaz.gob.gt\/index.php?rest_route=%2Fwp%2Fv2%2Fcategories&post=12817"},{"taxonomy":"post_tag","embeddable":true,"href":"https:\/\/gobernacionaltaverapaz.gob.gt\/index.php?rest_route=%2Fwp%2Fv2%2Ftags&post=12817"}],"curies":[{"name":"wp","href":"https:\/\/api.w.org\/{rel}","templated":true}]}}