{"id":12825,"date":"2022-05-12T17:38:16","date_gmt":"2022-05-12T23:38:16","guid":{"rendered":"https:\/\/gobernacionaltaverapaz.gob.gt\/?p=12825"},"modified":"2022-05-16T16:29:38","modified_gmt":"2022-05-16T22:29:38","slug":"comisin-presidencial-por-la-paz-los-derechos-humanos","status":"publish","type":"post","link":"https:\/\/gobernacionaltaverapaz.gob.gt\/?p=12825","title":{"rendered":"Comisi\u00f3n Presidencial por la Paz y los Derechos Humanos"},"content":{"rendered":"<div dir=\"auto\" style=\"text-align: justify;\">El Dr. Fernando Klarck. Convoc\u00f3 en esta Gobernaci\u00f3n Deptal. A las Autoridades de las comunidades de &#8220;Tamajul&#8221; San Pedro Carcha, y del &#8220;Caser\u00edo Vista Hermosa&#8221; del Municipio de Senah\u00fa.<\/div>\n<div dir=\"auto\" style=\"text-align: justify;\">Para abordar con las legalidades del caso las diferencias lim\u00edtrofes, entre estas localidades. Para asi mantener la<\/div>\n<div dir=\"auto\" style=\"text-align: justify;\">convivencia pac\u00edfica y el estado de derecho en ese lugar. En dicha reuni\u00f3n tambi\u00e9n particip\u00f3 el Sr. Alcalde de Senahu.<\/div>\n<div dir=\"auto\"><\/div>\n<div dir=\"auto\"><\/div>\n<div dir=\"auto\">\n<div><\/div>\n<\/div>\n<p>&nbsp;<\/p>\n","protected":false},"excerpt":{"rendered":"<p>El Dr. Fernando Klarck. Convoc\u00f3 en esta Gobernaci\u00f3n Deptal. A las Autoridades de las comunidades de &#8220;Tamajul&#8221; San Pedro Carcha, y del &#8220;Caser\u00edo Vista Hermosa&#8221; del Municipio de Senah\u00fa. Para abordar con las legalidades del caso las diferencias lim\u00edtrofes, entre estas localidades. Para asi mantener la convivencia pac\u00edfica y el estado de derecho en ese [&hellip;]<\/p>\n","protected":false},"author":1,"featured_media":12822,"comment_status":"closed","ping_status":"open","sticky":false,"template":"","format":"gallery","meta":[],"categories":[194],"tags":[178],"_links":{"self":[{"href":"https:\/\/gobernacionaltaverapaz.gob.gt\/index.php?rest_route=\/wp\/v2\/posts\/12825"}],"collection":[{"href":"https:\/\/gobernacionaltaverapaz.gob.gt\/index.php?rest_route=\/wp\/v2\/posts"}],"about":[{"href":"https:\/\/gobernacionaltaverapaz.gob.gt\/index.php?rest_route=\/wp\/v2\/types\/post"}],"author":[{"embeddable":true,"href":"https:\/\/gobernacionaltaverapaz.gob.gt\/index.php?rest_route=\/wp\/v2\/users\/1"}],"replies":[{"embeddable":true,"href":"https:\/\/gobernacionaltaverapaz.gob.gt\/index.php?rest_route=%2Fwp%2Fv2%2Fcomments&post=12825"}],"version-history":[{"count":1,"href":"https:\/\/gobernacionaltaverapaz.gob.gt\/index.php?rest_route=\/wp\/v2\/posts\/12825\/revisions"}],"predecessor-version":[{"id":12826,"href":"https:\/\/gobernacionaltaverapaz.gob.gt\/index.php?rest_route=\/wp\/v2\/posts\/12825\/revisions\/12826"}],"wp:featuredmedia":[{"embeddable":true,"href":"https:\/\/gobernacionaltaverapaz.gob.gt\/index.php?rest_route=\/wp\/v2\/media\/12822"}],"wp:attachment":[{"href":"https:\/\/gobernacionaltaverapaz.gob.gt\/index.php?rest_route=%2Fwp%2Fv2%2Fmedia&parent=12825"}],"wp:term":[{"taxonomy":"category","embeddable":true,"href":"https:\/\/gobernacionaltaverapaz.gob.gt\/index.php?rest_route=%2Fwp%2Fv2%2Fcategories&post=12825"},{"taxonomy":"post_tag","embeddable":true,"href":"https:\/\/gobernacionaltaverapaz.gob.gt\/index.php?rest_route=%2Fwp%2Fv2%2Ftags&post=12825"}],"curies":[{"name":"wp","href":"https:\/\/api.w.org\/{rel}","templated":true}]}}