{"id":12841,"date":"2022-05-10T12:29:57","date_gmt":"2022-05-10T18:29:57","guid":{"rendered":"https:\/\/gobernacionaltaverapaz.gob.gt\/?p=12841"},"modified":"2022-05-16T17:05:51","modified_gmt":"2022-05-16T23:05:51","slug":"socializacin-sobre-temas-de-preparacin-seguimiento-de-gestin-de-riesgos","status":"publish","type":"post","link":"https:\/\/gobernacionaltaverapaz.gob.gt\/?p=12841","title":{"rendered":"Socializaci\u00f3n sobre temas de preparaci\u00f3n y seguimiento de gesti\u00f3n de riesgos"},"content":{"rendered":"<div dir=\"auto\" style=\"text-align: justify;\">El. Dr. Fernando Klarck, Gobernador Departamental, sostuvo reuni\u00f3n en las instalaciones de la Pastoral Social de Coban A.V, con delegados de la regi\u00f3n II de la Coordinadora Nacional para la Reducci\u00f3n de Desastres \u2013CONRED- y el coordinador del programa de Gesti\u00f3n de Riesgos de Pastoral Social, quienes informaron sobre los avances logrados en tema de preparaci\u00f3n en gesti\u00f3n en el Departamento de Alta Verapaz, as\u00ed mismo sobre los avales del Sistema Electr\u00f3nico para la Administraci\u00f3n de Procesos de Proyectos de Consejo de Desarrollo \u2013SIPROCODE-<\/div>\n<div dir=\"auto\" style=\"text-align: justify;\">En mencionada reuni\u00f3n se estableci\u00f3 mesa territorial de dialogo sobre la Gesti\u00f3n Integral de Riesgo \u2013GIRD- y sobre los procesos de recuperaci\u00f3n Post Eta y Iota, por su parte pastoral social informo sobre los avances en proyectos de organizaci\u00f3n de la Coordinadora Local de Reducci\u00f3n de desastres \u2013COLRED-.<\/div>\n<p>&nbsp;<\/p>\n","protected":false},"excerpt":{"rendered":"<p>El. Dr. Fernando Klarck, Gobernador Departamental, sostuvo reuni\u00f3n en las instalaciones de la Pastoral Social de Coban A.V, con delegados de la regi\u00f3n II de la Coordinadora Nacional para la Reducci\u00f3n de Desastres \u2013CONRED- y el coordinador del programa de Gesti\u00f3n de Riesgos de Pastoral Social, quienes informaron sobre los avances logrados en tema de [&hellip;]<\/p>\n","protected":false},"author":1,"featured_media":12837,"comment_status":"closed","ping_status":"open","sticky":false,"template":"","format":"gallery","meta":[],"categories":[194],"tags":[178],"_links":{"self":[{"href":"https:\/\/gobernacionaltaverapaz.gob.gt\/index.php?rest_route=\/wp\/v2\/posts\/12841"}],"collection":[{"href":"https:\/\/gobernacionaltaverapaz.gob.gt\/index.php?rest_route=\/wp\/v2\/posts"}],"about":[{"href":"https:\/\/gobernacionaltaverapaz.gob.gt\/index.php?rest_route=\/wp\/v2\/types\/post"}],"author":[{"embeddable":true,"href":"https:\/\/gobernacionaltaverapaz.gob.gt\/index.php?rest_route=\/wp\/v2\/users\/1"}],"replies":[{"embeddable":true,"href":"https:\/\/gobernacionaltaverapaz.gob.gt\/index.php?rest_route=%2Fwp%2Fv2%2Fcomments&post=12841"}],"version-history":[{"count":1,"href":"https:\/\/gobernacionaltaverapaz.gob.gt\/index.php?rest_route=\/wp\/v2\/posts\/12841\/revisions"}],"predecessor-version":[{"id":12842,"href":"https:\/\/gobernacionaltaverapaz.gob.gt\/index.php?rest_route=\/wp\/v2\/posts\/12841\/revisions\/12842"}],"wp:featuredmedia":[{"embeddable":true,"href":"https:\/\/gobernacionaltaverapaz.gob.gt\/index.php?rest_route=\/wp\/v2\/media\/12837"}],"wp:attachment":[{"href":"https:\/\/gobernacionaltaverapaz.gob.gt\/index.php?rest_route=%2Fwp%2Fv2%2Fmedia&parent=12841"}],"wp:term":[{"taxonomy":"category","embeddable":true,"href":"https:\/\/gobernacionaltaverapaz.gob.gt\/index.php?rest_route=%2Fwp%2Fv2%2Fcategories&post=12841"},{"taxonomy":"post_tag","embeddable":true,"href":"https:\/\/gobernacionaltaverapaz.gob.gt\/index.php?rest_route=%2Fwp%2Fv2%2Ftags&post=12841"}],"curies":[{"name":"wp","href":"https:\/\/api.w.org\/{rel}","templated":true}]}}