{"id":12884,"date":"2022-05-24T10:26:24","date_gmt":"2022-05-24T16:26:24","guid":{"rendered":"https:\/\/gobernacionaltaverapaz.gob.gt\/?p=12884"},"modified":"2022-06-02T12:53:46","modified_gmt":"2022-06-02T18:53:46","slug":"jornada-informativa-para-prevenir-los-delitos-de-violencia-sexual-2","status":"publish","type":"post","link":"https:\/\/gobernacionaltaverapaz.gob.gt\/?p=12884","title":{"rendered":"Jornada informativa para prevenir los delitos de violencia sexual"},"content":{"rendered":"<p style=\"text-align: justify;\"><span class=\"d2edcug0 hpfvmrgz qv66sw1b c1et5uql lr9zc1uh a8c37x1j fe6kdd0r mau55g9w c8b282yb keod5gw0 nxhoafnm aigsh9s9 d3f4x2em iv3no6db jq4qci2q a3bd9o3v b1v8xokw oo9gr5id hzawbc8m\" dir=\"auto\">La Secretar\u00eda Contra la Violencia Sexual, Explotaci\u00f3n y Trata de Personas, en coordinaci\u00f3n con Reservas Militares, realiz\u00f3 en el municipio de Cob\u00e1n Alta Verapaz, la primera jornada informativa para prevenir los delitos de violencia sexual dirigido a reservistas. Realizando especial \u00e9nfasis en la ruta de denuncia.<\/span><\/p>\n<p>&nbsp;<\/p>\n<div><\/div>\n","protected":false},"excerpt":{"rendered":"<p>La Secretar\u00eda Contra la Violencia Sexual, Explotaci\u00f3n y Trata de Personas, en coordinaci\u00f3n con Reservas Militares, realiz\u00f3 en el municipio de Cob\u00e1n Alta Verapaz, la primera jornada informativa para prevenir los delitos de violencia sexual dirigido a reservistas. Realizando especial \u00e9nfasis en la ruta de denuncia. &nbsp;<\/p>\n","protected":false},"author":1,"featured_media":12881,"comment_status":"closed","ping_status":"open","sticky":false,"template":"","format":"gallery","meta":[],"categories":[194],"tags":[178],"_links":{"self":[{"href":"https:\/\/gobernacionaltaverapaz.gob.gt\/index.php?rest_route=\/wp\/v2\/posts\/12884"}],"collection":[{"href":"https:\/\/gobernacionaltaverapaz.gob.gt\/index.php?rest_route=\/wp\/v2\/posts"}],"about":[{"href":"https:\/\/gobernacionaltaverapaz.gob.gt\/index.php?rest_route=\/wp\/v2\/types\/post"}],"author":[{"embeddable":true,"href":"https:\/\/gobernacionaltaverapaz.gob.gt\/index.php?rest_route=\/wp\/v2\/users\/1"}],"replies":[{"embeddable":true,"href":"https:\/\/gobernacionaltaverapaz.gob.gt\/index.php?rest_route=%2Fwp%2Fv2%2Fcomments&post=12884"}],"version-history":[{"count":1,"href":"https:\/\/gobernacionaltaverapaz.gob.gt\/index.php?rest_route=\/wp\/v2\/posts\/12884\/revisions"}],"predecessor-version":[{"id":12885,"href":"https:\/\/gobernacionaltaverapaz.gob.gt\/index.php?rest_route=\/wp\/v2\/posts\/12884\/revisions\/12885"}],"wp:featuredmedia":[{"embeddable":true,"href":"https:\/\/gobernacionaltaverapaz.gob.gt\/index.php?rest_route=\/wp\/v2\/media\/12881"}],"wp:attachment":[{"href":"https:\/\/gobernacionaltaverapaz.gob.gt\/index.php?rest_route=%2Fwp%2Fv2%2Fmedia&parent=12884"}],"wp:term":[{"taxonomy":"category","embeddable":true,"href":"https:\/\/gobernacionaltaverapaz.gob.gt\/index.php?rest_route=%2Fwp%2Fv2%2Fcategories&post=12884"},{"taxonomy":"post_tag","embeddable":true,"href":"https:\/\/gobernacionaltaverapaz.gob.gt\/index.php?rest_route=%2Fwp%2Fv2%2Ftags&post=12884"}],"curies":[{"name":"wp","href":"https:\/\/api.w.org\/{rel}","templated":true}]}}