{"id":12889,"date":"2022-05-24T10:42:13","date_gmt":"2022-05-24T16:42:13","guid":{"rendered":"https:\/\/gobernacionaltaverapaz.gob.gt\/?p=12889"},"modified":"2022-06-02T14:40:00","modified_gmt":"2022-06-02T20:40:00","slug":"jornada-de-limpieza-recoleccin-de-residuos-desechos-slidos-en-aldea-bolonc","status":"publish","type":"post","link":"https:\/\/gobernacionaltaverapaz.gob.gt\/?p=12889","title":{"rendered":"Jornada de limpieza y recolecci\u00f3n de residuos y desechos s\u00f3lidos en Aldea Bolonc\u00f3"},"content":{"rendered":"<p style=\"text-align: justify;\"><span class=\"d2edcug0 hpfvmrgz qv66sw1b c1et5uql lr9zc1uh a8c37x1j fe6kdd0r mau55g9w c8b282yb keod5gw0 nxhoafnm aigsh9s9 d3f4x2em iv3no6db jq4qci2q a3bd9o3v b1v8xokw oo9gr5id hzawbc8m\" dir=\"auto\">La Ing. Ana Elisa Solares Garc\u00eda, Delegada Departamental del Ministerio de Ambiente y Recursos Naturales de Alta Verapaz, en coordinaci\u00f3n con la Municipalidad de Fray Bartolom\u00e9 de las Casas, COCODES y vecinos de la localidad, llevaron a cabo jornada de limpieza y recolecci\u00f3n de residuos y desechos s\u00f3lidos en la Aldea Bolonc\u00f3 de este Municipio, en donde se recorrieron las calles y avenidas de la Aldea, recolectando alrededor de quince toneladas de desechos s\u00f3lidos, cumpliendo as\u00ed la misi\u00f3n de esta instituci\u00f3n la cual es; promover la protecci\u00f3n, conservaci\u00f3n y recuperaci\u00f3n del medio ambiente.<\/span><\/p>\n<p>&nbsp;<\/p>\n<div><\/div>\n<p>&nbsp;<\/p>\n<p>&nbsp;<\/p>\n","protected":false},"excerpt":{"rendered":"<p>La Ing. Ana Elisa Solares Garc\u00eda, Delegada Departamental del Ministerio de Ambiente y Recursos Naturales de Alta Verapaz, en coordinaci\u00f3n con la Municipalidad de Fray Bartolom\u00e9 de las Casas, COCODES y vecinos de la localidad, llevaron a cabo jornada de limpieza y recolecci\u00f3n de residuos y desechos s\u00f3lidos en la Aldea Bolonc\u00f3 de este Municipio, [&hellip;]<\/p>\n","protected":false},"author":1,"featured_media":12886,"comment_status":"closed","ping_status":"open","sticky":false,"template":"","format":"gallery","meta":[],"categories":[3],"tags":[178],"_links":{"self":[{"href":"https:\/\/gobernacionaltaverapaz.gob.gt\/index.php?rest_route=\/wp\/v2\/posts\/12889"}],"collection":[{"href":"https:\/\/gobernacionaltaverapaz.gob.gt\/index.php?rest_route=\/wp\/v2\/posts"}],"about":[{"href":"https:\/\/gobernacionaltaverapaz.gob.gt\/index.php?rest_route=\/wp\/v2\/types\/post"}],"author":[{"embeddable":true,"href":"https:\/\/gobernacionaltaverapaz.gob.gt\/index.php?rest_route=\/wp\/v2\/users\/1"}],"replies":[{"embeddable":true,"href":"https:\/\/gobernacionaltaverapaz.gob.gt\/index.php?rest_route=%2Fwp%2Fv2%2Fcomments&post=12889"}],"version-history":[{"count":1,"href":"https:\/\/gobernacionaltaverapaz.gob.gt\/index.php?rest_route=\/wp\/v2\/posts\/12889\/revisions"}],"predecessor-version":[{"id":12890,"href":"https:\/\/gobernacionaltaverapaz.gob.gt\/index.php?rest_route=\/wp\/v2\/posts\/12889\/revisions\/12890"}],"wp:featuredmedia":[{"embeddable":true,"href":"https:\/\/gobernacionaltaverapaz.gob.gt\/index.php?rest_route=\/wp\/v2\/media\/12886"}],"wp:attachment":[{"href":"https:\/\/gobernacionaltaverapaz.gob.gt\/index.php?rest_route=%2Fwp%2Fv2%2Fmedia&parent=12889"}],"wp:term":[{"taxonomy":"category","embeddable":true,"href":"https:\/\/gobernacionaltaverapaz.gob.gt\/index.php?rest_route=%2Fwp%2Fv2%2Fcategories&post=12889"},{"taxonomy":"post_tag","embeddable":true,"href":"https:\/\/gobernacionaltaverapaz.gob.gt\/index.php?rest_route=%2Fwp%2Fv2%2Ftags&post=12889"}],"curies":[{"name":"wp","href":"https:\/\/api.w.org\/{rel}","templated":true}]}}