{"id":12938,"date":"2022-06-01T16:40:38","date_gmt":"2022-06-01T22:40:38","guid":{"rendered":"https:\/\/gobernacionaltaverapaz.gob.gt\/?p=12938"},"modified":"2022-06-03T10:50:44","modified_gmt":"2022-06-03T16:50:44","slug":"fortaleciendo-el-sistema-de-proteccin","status":"publish","type":"post","link":"https:\/\/gobernacionaltaverapaz.gob.gt\/?p=12938","title":{"rendered":"Fortaleciendo el Sistema de Protecci\u00f3n"},"content":{"rendered":"<p style=\"text-align: justify;\"><span class=\"d2edcug0 hpfvmrgz qv66sw1b c1et5uql lr9zc1uh a8c37x1j fe6kdd0r mau55g9w c8b282yb keod5gw0 nxhoafnm aigsh9s9 d3f4x2em iv3no6db jq4qci2q a3bd9o3v b1v8xokw oo9gr5id hzawbc8m\" dir=\"auto\">El Dr. Fernando Klarck, dirigi\u00f3 reuni\u00f3n con representantes de El Refugio de la Ni\u00f1ez de Alta Verapaz, con el objeto de socializar la importancia de sumarse la construcci\u00f3n de entornos protectores, fortaleciendo el Sistema de Protecci\u00f3n, desde el Entorno Familiar, Sistema Comunitario, Sistema Municipal, Departamental y sistema Nacional.<\/span><\/p>\n<p>&nbsp;<\/p>\n<div><\/div>\n","protected":false},"excerpt":{"rendered":"<p>El Dr. Fernando Klarck, dirigi\u00f3 reuni\u00f3n con representantes de El Refugio de la Ni\u00f1ez de Alta Verapaz, con el objeto de socializar la importancia de sumarse la construcci\u00f3n de entornos protectores, fortaleciendo el Sistema de Protecci\u00f3n, desde el Entorno Familiar, Sistema Comunitario, Sistema Municipal, Departamental y sistema Nacional. &nbsp;<\/p>\n","protected":false},"author":1,"featured_media":12934,"comment_status":"closed","ping_status":"open","sticky":false,"template":"","format":"gallery","meta":[],"categories":[194],"tags":[178],"_links":{"self":[{"href":"https:\/\/gobernacionaltaverapaz.gob.gt\/index.php?rest_route=\/wp\/v2\/posts\/12938"}],"collection":[{"href":"https:\/\/gobernacionaltaverapaz.gob.gt\/index.php?rest_route=\/wp\/v2\/posts"}],"about":[{"href":"https:\/\/gobernacionaltaverapaz.gob.gt\/index.php?rest_route=\/wp\/v2\/types\/post"}],"author":[{"embeddable":true,"href":"https:\/\/gobernacionaltaverapaz.gob.gt\/index.php?rest_route=\/wp\/v2\/users\/1"}],"replies":[{"embeddable":true,"href":"https:\/\/gobernacionaltaverapaz.gob.gt\/index.php?rest_route=%2Fwp%2Fv2%2Fcomments&post=12938"}],"version-history":[{"count":1,"href":"https:\/\/gobernacionaltaverapaz.gob.gt\/index.php?rest_route=\/wp\/v2\/posts\/12938\/revisions"}],"predecessor-version":[{"id":12939,"href":"https:\/\/gobernacionaltaverapaz.gob.gt\/index.php?rest_route=\/wp\/v2\/posts\/12938\/revisions\/12939"}],"wp:featuredmedia":[{"embeddable":true,"href":"https:\/\/gobernacionaltaverapaz.gob.gt\/index.php?rest_route=\/wp\/v2\/media\/12934"}],"wp:attachment":[{"href":"https:\/\/gobernacionaltaverapaz.gob.gt\/index.php?rest_route=%2Fwp%2Fv2%2Fmedia&parent=12938"}],"wp:term":[{"taxonomy":"category","embeddable":true,"href":"https:\/\/gobernacionaltaverapaz.gob.gt\/index.php?rest_route=%2Fwp%2Fv2%2Fcategories&post=12938"},{"taxonomy":"post_tag","embeddable":true,"href":"https:\/\/gobernacionaltaverapaz.gob.gt\/index.php?rest_route=%2Fwp%2Fv2%2Ftags&post=12938"}],"curies":[{"name":"wp","href":"https:\/\/api.w.org\/{rel}","templated":true}]}}