{"id":12944,"date":"2022-05-31T19:15:50","date_gmt":"2022-06-01T01:15:50","guid":{"rendered":"https:\/\/gobernacionaltaverapaz.gob.gt\/?p=12944"},"modified":"2022-06-03T12:27:16","modified_gmt":"2022-06-03T18:27:16","slug":"acercamiento-con-representantes-de-la-agencia-de-la-onu-para-los-refugiados-acnur","status":"publish","type":"post","link":"https:\/\/gobernacionaltaverapaz.gob.gt\/?p=12944","title":{"rendered":"Acercamiento con representantes de la Agencia de la ONU para los refugiados -ACNUR"},"content":{"rendered":"<div dir=\"auto\">El Dr. Fernando Klarck, llev\u00f3 a cabo un acercamiento con representantes de la Agencia de la ONU para los refugiados -ACNUR-, quienes son los encargados de proteger a los refugiados y desplazados por persecuciones o conflictos, y promover soluciones duraderas a su situaci\u00f3n, bajo su labor de protecci\u00f3n y fortalecimiento del Estado en temas de albergue, salud y educaci\u00f3n las cuales han sido cruciales, ayudando a restaurar pasados destruidos y construyendo futuros m\u00e1s prometedores.<\/div>\n<div dir=\"auto\">El Sr. Gobernador, manifest\u00f3 estar anuente a coadyuvar los programas que esta agencia desarrolla actualmente en el Departamento de Alta Verapaz.<\/div>\n<p>&nbsp;<\/p>\n<div>\n<div><\/div>\n<\/div>\n","protected":false},"excerpt":{"rendered":"<p>El Dr. Fernando Klarck, llev\u00f3 a cabo un acercamiento con representantes de la Agencia de la ONU para los refugiados -ACNUR-, quienes son los encargados de proteger a los refugiados y desplazados por persecuciones o conflictos, y promover soluciones duraderas a su situaci\u00f3n, bajo su labor de protecci\u00f3n y fortalecimiento del Estado en temas de [&hellip;]<\/p>\n","protected":false},"author":1,"featured_media":12946,"comment_status":"closed","ping_status":"open","sticky":false,"template":"","format":"gallery","meta":[],"categories":[1],"tags":[178],"_links":{"self":[{"href":"https:\/\/gobernacionaltaverapaz.gob.gt\/index.php?rest_route=\/wp\/v2\/posts\/12944"}],"collection":[{"href":"https:\/\/gobernacionaltaverapaz.gob.gt\/index.php?rest_route=\/wp\/v2\/posts"}],"about":[{"href":"https:\/\/gobernacionaltaverapaz.gob.gt\/index.php?rest_route=\/wp\/v2\/types\/post"}],"author":[{"embeddable":true,"href":"https:\/\/gobernacionaltaverapaz.gob.gt\/index.php?rest_route=\/wp\/v2\/users\/1"}],"replies":[{"embeddable":true,"href":"https:\/\/gobernacionaltaverapaz.gob.gt\/index.php?rest_route=%2Fwp%2Fv2%2Fcomments&post=12944"}],"version-history":[{"count":3,"href":"https:\/\/gobernacionaltaverapaz.gob.gt\/index.php?rest_route=\/wp\/v2\/posts\/12944\/revisions"}],"predecessor-version":[{"id":12951,"href":"https:\/\/gobernacionaltaverapaz.gob.gt\/index.php?rest_route=\/wp\/v2\/posts\/12944\/revisions\/12951"}],"wp:featuredmedia":[{"embeddable":true,"href":"https:\/\/gobernacionaltaverapaz.gob.gt\/index.php?rest_route=\/wp\/v2\/media\/12946"}],"wp:attachment":[{"href":"https:\/\/gobernacionaltaverapaz.gob.gt\/index.php?rest_route=%2Fwp%2Fv2%2Fmedia&parent=12944"}],"wp:term":[{"taxonomy":"category","embeddable":true,"href":"https:\/\/gobernacionaltaverapaz.gob.gt\/index.php?rest_route=%2Fwp%2Fv2%2Fcategories&post=12944"},{"taxonomy":"post_tag","embeddable":true,"href":"https:\/\/gobernacionaltaverapaz.gob.gt\/index.php?rest_route=%2Fwp%2Fv2%2Ftags&post=12944"}],"curies":[{"name":"wp","href":"https:\/\/api.w.org\/{rel}","templated":true}]}}