{"id":12956,"date":"2022-05-31T18:41:10","date_gmt":"2022-06-01T00:41:10","guid":{"rendered":"https:\/\/gobernacionaltaverapaz.gob.gt\/?p=12956"},"modified":"2022-06-03T12:53:52","modified_gmt":"2022-06-03T18:53:52","slug":"delegado-regional-conred-regin-ii-dirige-reunin-en-el-saln-las-amricas","status":"publish","type":"post","link":"https:\/\/gobernacionaltaverapaz.gob.gt\/?p=12956","title":{"rendered":"Delegado Regional CONRED Regi\u00f3n II. Dirige reuni\u00f3n en el Sal\u00f3n las Am\u00e9ricas"},"content":{"rendered":"<p style=\"text-align: justify;\"><span class=\"d2edcug0 hpfvmrgz qv66sw1b c1et5uql lr9zc1uh a8c37x1j fe6kdd0r mau55g9w c8b282yb keod5gw0 nxhoafnm aigsh9s9 d3f4x2em iv3no6db jq4qci2q a3bd9o3v b1v8xokw oo9gr5id hzawbc8m\" dir=\"auto\">Dr. Fernando Klarck en coordinaci\u00f3n con el Lic. Wotzbely Su\u00e1rez. Delegado Regional <a class=\"oajrlxb2 g5ia77u1 qu0x051f esr5mh6w e9989ue4 r7d6kgcz rq0escxv nhd2j8a9 nc684nl6 p7hjln8o kvgmc6g5 cxmmr5t8 oygrvhab hcukyx3x jb3vyjys rz4wbd8a qt6c0cv9 a8nywdso i1ao9s8h esuyzwwr f1sip0of lzcic4wl gpro0wi8 q66pz984 b1v8xokw\" tabindex=\"0\" role=\"link\" href=\"https:\/\/www.facebook.com\/hashtag\/conred?__eep__=6&amp;__cft__[0]=AZVpZqQ8d1jhLagBsR7JIGKfkttinoFE5P9BnIETT67dvpagRqKOrzufPzKgLZuAVRjmFn_IfNkrGWvi_R_FXLvJ2xv8ukexAHpgoCNFFiCzKrnpqE_fWnPDx4XFnPq320GSJIvxw6DDDNfETKUk9U8cWKUJO7djFansYxw2FId6Fg&amp;__tn__=*NK-R\">#CONRED<\/a> Regi\u00f3n II. Dirige reuni\u00f3n, en el Sal\u00f3n las Am\u00e9ricas, con la Coordinadora Departamental para la Reducci\u00f3n de Desastres <a class=\"oajrlxb2 g5ia77u1 qu0x051f esr5mh6w e9989ue4 r7d6kgcz rq0escxv nhd2j8a9 nc684nl6 p7hjln8o kvgmc6g5 cxmmr5t8 oygrvhab hcukyx3x jb3vyjys rz4wbd8a qt6c0cv9 a8nywdso i1ao9s8h esuyzwwr f1sip0of lzcic4wl gpro0wi8 q66pz984 b1v8xokw\" tabindex=\"0\" role=\"link\" href=\"https:\/\/www.facebook.com\/hashtag\/codredav?__eep__=6&amp;__cft__[0]=AZVpZqQ8d1jhLagBsR7JIGKfkttinoFE5P9BnIETT67dvpagRqKOrzufPzKgLZuAVRjmFn_IfNkrGWvi_R_FXLvJ2xv8ukexAHpgoCNFFiCzKrnpqE_fWnPDx4XFnPq320GSJIvxw6DDDNfETKUk9U8cWKUJO7djFansYxw2FId6Fg&amp;__tn__=*NK-R\">#CODREDAV<\/a>&#8211; integrada por Instituciones gubernamentales y no gubernamentales. Con el objeto de revisar la documentaci\u00f3n que debe de tener el Plan Departamental de Emergencia (Planes de: Prevenci\u00f3n, mitigaci\u00f3n y respuesta) y establecer las funciones de cada una de las Instituciones que la integran; Para responder por cualquier contingencia que se presente, especialmente por la \u00e9poca lluviosa que impera en la jurisdicci\u00f3n. As\u00ed mismo personal de <a class=\"oajrlxb2 g5ia77u1 qu0x051f esr5mh6w e9989ue4 r7d6kgcz rq0escxv nhd2j8a9 nc684nl6 p7hjln8o kvgmc6g5 cxmmr5t8 oygrvhab hcukyx3x jb3vyjys rz4wbd8a qt6c0cv9 a8nywdso i1ao9s8h esuyzwwr f1sip0of lzcic4wl gpro0wi8 q66pz984 b1v8xokw\" tabindex=\"0\" role=\"link\" href=\"https:\/\/www.facebook.com\/hashtag\/insivumeh?__eep__=6&amp;__cft__[0]=AZVpZqQ8d1jhLagBsR7JIGKfkttinoFE5P9BnIETT67dvpagRqKOrzufPzKgLZuAVRjmFn_IfNkrGWvi_R_FXLvJ2xv8ukexAHpgoCNFFiCzKrnpqE_fWnPDx4XFnPq320GSJIvxw6DDDNfETKUk9U8cWKUJO7djFansYxw2FId6Fg&amp;__tn__=*NK-R\">#INSIVUMEH<\/a> present\u00f3 las condiciones climatol\u00f3gicas para los pr\u00f3ximos d\u00edas. Compartiendo tambi\u00e9n los boletines meteorol\u00f3gicos del pron\u00f3stico diario.<\/span><\/p>\n<p>&nbsp;<\/p>\n<div><\/div>\n","protected":false},"excerpt":{"rendered":"<p>Dr. Fernando Klarck en coordinaci\u00f3n con el Lic. Wotzbely Su\u00e1rez. Delegado Regional #CONRED Regi\u00f3n II. Dirige reuni\u00f3n, en el Sal\u00f3n las Am\u00e9ricas, con la Coordinadora Departamental para la Reducci\u00f3n de Desastres #CODREDAV&#8211; integrada por Instituciones gubernamentales y no gubernamentales. Con el objeto de revisar la documentaci\u00f3n que debe de tener el Plan Departamental de Emergencia [&hellip;]<\/p>\n","protected":false},"author":1,"featured_media":12952,"comment_status":"closed","ping_status":"open","sticky":false,"template":"","format":"gallery","meta":[],"categories":[194],"tags":[178],"_links":{"self":[{"href":"https:\/\/gobernacionaltaverapaz.gob.gt\/index.php?rest_route=\/wp\/v2\/posts\/12956"}],"collection":[{"href":"https:\/\/gobernacionaltaverapaz.gob.gt\/index.php?rest_route=\/wp\/v2\/posts"}],"about":[{"href":"https:\/\/gobernacionaltaverapaz.gob.gt\/index.php?rest_route=\/wp\/v2\/types\/post"}],"author":[{"embeddable":true,"href":"https:\/\/gobernacionaltaverapaz.gob.gt\/index.php?rest_route=\/wp\/v2\/users\/1"}],"replies":[{"embeddable":true,"href":"https:\/\/gobernacionaltaverapaz.gob.gt\/index.php?rest_route=%2Fwp%2Fv2%2Fcomments&post=12956"}],"version-history":[{"count":1,"href":"https:\/\/gobernacionaltaverapaz.gob.gt\/index.php?rest_route=\/wp\/v2\/posts\/12956\/revisions"}],"predecessor-version":[{"id":12957,"href":"https:\/\/gobernacionaltaverapaz.gob.gt\/index.php?rest_route=\/wp\/v2\/posts\/12956\/revisions\/12957"}],"wp:featuredmedia":[{"embeddable":true,"href":"https:\/\/gobernacionaltaverapaz.gob.gt\/index.php?rest_route=\/wp\/v2\/media\/12952"}],"wp:attachment":[{"href":"https:\/\/gobernacionaltaverapaz.gob.gt\/index.php?rest_route=%2Fwp%2Fv2%2Fmedia&parent=12956"}],"wp:term":[{"taxonomy":"category","embeddable":true,"href":"https:\/\/gobernacionaltaverapaz.gob.gt\/index.php?rest_route=%2Fwp%2Fv2%2Fcategories&post=12956"},{"taxonomy":"post_tag","embeddable":true,"href":"https:\/\/gobernacionaltaverapaz.gob.gt\/index.php?rest_route=%2Fwp%2Fv2%2Ftags&post=12956"}],"curies":[{"name":"wp","href":"https:\/\/api.w.org\/{rel}","templated":true}]}}