{"id":12981,"date":"2022-06-10T15:24:09","date_gmt":"2022-06-10T21:24:09","guid":{"rendered":"https:\/\/gobernacionaltaverapaz.gob.gt\/?p=12981"},"modified":"2022-06-13T15:50:03","modified_gmt":"2022-06-13T21:50:03","slug":"se-llevo-cabo-la-firma-de-convenio","status":"publish","type":"post","link":"https:\/\/gobernacionaltaverapaz.gob.gt\/?p=12981","title":{"rendered":"Se llevo a cabo la firma de Convenio"},"content":{"rendered":"<p style=\"text-align: justify;\"><span class=\"d2edcug0 hpfvmrgz qv66sw1b c1et5uql lr9zc1uh a8c37x1j fe6kdd0r mau55g9w c8b282yb keod5gw0 nxhoafnm aigsh9s9 d3f4x2em iv3no6db jq4qci2q a3bd9o3v b1v8xokw oo9gr5id hzawbc8m\" dir=\"auto\">El Dr. Fernando Klarck, Gobernador Departamental, llevo a cabo la firma de Convenio en compa\u00f1\u00eda de la Licda. \u00c1ngela Alvarado, directora ejecutiva del CODEDEAV y el Alcalde Municipal de Chisec, Lic. Fidencio Lima, el convenio firmado es referente al proyecto de: AMPLIACION DE SISTEMA DE AGUA POTABLE CON PERFORACION DE POZO PARA EL AREA URBANA DE CHISEC A.V.<\/span><\/p>\n<p>&nbsp;<\/p>\n<div><\/div>\n","protected":false},"excerpt":{"rendered":"<p>El Dr. Fernando Klarck, Gobernador Departamental, llevo a cabo la firma de Convenio en compa\u00f1\u00eda de la Licda. \u00c1ngela Alvarado, directora ejecutiva del CODEDEAV y el Alcalde Municipal de Chisec, Lic. Fidencio Lima, el convenio firmado es referente al proyecto de: AMPLIACION DE SISTEMA DE AGUA POTABLE CON PERFORACION DE POZO PARA EL AREA URBANA [&hellip;]<\/p>\n","protected":false},"author":1,"featured_media":12978,"comment_status":"closed","ping_status":"open","sticky":false,"template":"","format":"gallery","meta":[],"categories":[194],"tags":[178],"_links":{"self":[{"href":"https:\/\/gobernacionaltaverapaz.gob.gt\/index.php?rest_route=\/wp\/v2\/posts\/12981"}],"collection":[{"href":"https:\/\/gobernacionaltaverapaz.gob.gt\/index.php?rest_route=\/wp\/v2\/posts"}],"about":[{"href":"https:\/\/gobernacionaltaverapaz.gob.gt\/index.php?rest_route=\/wp\/v2\/types\/post"}],"author":[{"embeddable":true,"href":"https:\/\/gobernacionaltaverapaz.gob.gt\/index.php?rest_route=\/wp\/v2\/users\/1"}],"replies":[{"embeddable":true,"href":"https:\/\/gobernacionaltaverapaz.gob.gt\/index.php?rest_route=%2Fwp%2Fv2%2Fcomments&post=12981"}],"version-history":[{"count":1,"href":"https:\/\/gobernacionaltaverapaz.gob.gt\/index.php?rest_route=\/wp\/v2\/posts\/12981\/revisions"}],"predecessor-version":[{"id":12982,"href":"https:\/\/gobernacionaltaverapaz.gob.gt\/index.php?rest_route=\/wp\/v2\/posts\/12981\/revisions\/12982"}],"wp:featuredmedia":[{"embeddable":true,"href":"https:\/\/gobernacionaltaverapaz.gob.gt\/index.php?rest_route=\/wp\/v2\/media\/12978"}],"wp:attachment":[{"href":"https:\/\/gobernacionaltaverapaz.gob.gt\/index.php?rest_route=%2Fwp%2Fv2%2Fmedia&parent=12981"}],"wp:term":[{"taxonomy":"category","embeddable":true,"href":"https:\/\/gobernacionaltaverapaz.gob.gt\/index.php?rest_route=%2Fwp%2Fv2%2Fcategories&post=12981"},{"taxonomy":"post_tag","embeddable":true,"href":"https:\/\/gobernacionaltaverapaz.gob.gt\/index.php?rest_route=%2Fwp%2Fv2%2Ftags&post=12981"}],"curies":[{"name":"wp","href":"https:\/\/api.w.org\/{rel}","templated":true}]}}