{"id":13000,"date":"2022-06-13T21:24:29","date_gmt":"2022-06-14T03:24:29","guid":{"rendered":"https:\/\/gobernacionaltaverapaz.gob.gt\/?p=13000"},"modified":"2022-07-08T16:58:06","modified_gmt":"2022-07-08T22:58:06","slug":"firma-de-convenio-de-contrucci-sitemas-de-agua-potable-casero-sexan-ii-fray-bartolome","status":"publish","type":"post","link":"https:\/\/gobernacionaltaverapaz.gob.gt\/?p=13000","title":{"rendered":"Firma de convenio de Contrucci\u00f3n sistemas de agua potable Caser\u00edo Sexan II Fray Bartolome"},"content":{"rendered":"<p style=\"text-align: justify;\"><span class=\"d2edcug0 hpfvmrgz qv66sw1b c1et5uql lr9zc1uh a8c37x1j fe6kdd0r mau55g9w c8b282yb keod5gw0 nxhoafnm aigsh9s9 d3f4x2em iv3no6db jq4qci2q a3bd9o3v b1v8xokw oo9gr5id hzawbc8m\" dir=\"auto\">El Dr. Fernando Klarck, Gobernador Departamental, llevo a cabo la firma de Convenio en compa\u00f1\u00eda de la Licda. \u00c1ngela Alvarado, directora ejecutiva del CODEDEAV y el Alcalde Municipal de Fray Bartolome de las Casas, Sr. Arnoldo Fontana, el convenio firmado es referente al proyecto de: CONSTRUCCI\u00d3N SISTEMA DE AGUA POTABLE CASERIO SEXAN II, FRAY BARTOLOME A.V.<\/span><\/p>\n<p>&nbsp;<\/p>\n<div><\/div>\n","protected":false},"excerpt":{"rendered":"<p>El Dr. Fernando Klarck, Gobernador Departamental, llevo a cabo la firma de Convenio en compa\u00f1\u00eda de la Licda. \u00c1ngela Alvarado, directora ejecutiva del CODEDEAV y el Alcalde Municipal de Fray Bartolome de las Casas, Sr. Arnoldo Fontana, el convenio firmado es referente al proyecto de: CONSTRUCCI\u00d3N SISTEMA DE AGUA POTABLE CASERIO SEXAN II, FRAY BARTOLOME [&hellip;]<\/p>\n","protected":false},"author":1,"featured_media":12998,"comment_status":"closed","ping_status":"open","sticky":false,"template":"","format":"gallery","meta":[],"categories":[194],"tags":[178],"_links":{"self":[{"href":"https:\/\/gobernacionaltaverapaz.gob.gt\/index.php?rest_route=\/wp\/v2\/posts\/13000"}],"collection":[{"href":"https:\/\/gobernacionaltaverapaz.gob.gt\/index.php?rest_route=\/wp\/v2\/posts"}],"about":[{"href":"https:\/\/gobernacionaltaverapaz.gob.gt\/index.php?rest_route=\/wp\/v2\/types\/post"}],"author":[{"embeddable":true,"href":"https:\/\/gobernacionaltaverapaz.gob.gt\/index.php?rest_route=\/wp\/v2\/users\/1"}],"replies":[{"embeddable":true,"href":"https:\/\/gobernacionaltaverapaz.gob.gt\/index.php?rest_route=%2Fwp%2Fv2%2Fcomments&post=13000"}],"version-history":[{"count":2,"href":"https:\/\/gobernacionaltaverapaz.gob.gt\/index.php?rest_route=\/wp\/v2\/posts\/13000\/revisions"}],"predecessor-version":[{"id":13101,"href":"https:\/\/gobernacionaltaverapaz.gob.gt\/index.php?rest_route=\/wp\/v2\/posts\/13000\/revisions\/13101"}],"wp:featuredmedia":[{"embeddable":true,"href":"https:\/\/gobernacionaltaverapaz.gob.gt\/index.php?rest_route=\/wp\/v2\/media\/12998"}],"wp:attachment":[{"href":"https:\/\/gobernacionaltaverapaz.gob.gt\/index.php?rest_route=%2Fwp%2Fv2%2Fmedia&parent=13000"}],"wp:term":[{"taxonomy":"category","embeddable":true,"href":"https:\/\/gobernacionaltaverapaz.gob.gt\/index.php?rest_route=%2Fwp%2Fv2%2Fcategories&post=13000"},{"taxonomy":"post_tag","embeddable":true,"href":"https:\/\/gobernacionaltaverapaz.gob.gt\/index.php?rest_route=%2Fwp%2Fv2%2Ftags&post=13000"}],"curies":[{"name":"wp","href":"https:\/\/api.w.org\/{rel}","templated":true}]}}