{"id":13007,"date":"2022-06-14T16:59:08","date_gmt":"2022-06-14T22:59:08","guid":{"rendered":"https:\/\/gobernacionaltaverapaz.gob.gt\/?p=13007"},"modified":"2022-06-27T15:45:02","modified_gmt":"2022-06-27T21:45:02","slug":"firma-de-convenios-de-cooperacin-interinstitucional","status":"publish","type":"post","link":"https:\/\/gobernacionaltaverapaz.gob.gt\/?p=13007","title":{"rendered":"Firma de Convenios de Cooperaci\u00f3n Interinstitucional"},"content":{"rendered":"<div class=\"kvgmc6g5 cxmmr5t8 oygrvhab hcukyx3x c1et5uql ii04i59q\">\n<div dir=\"auto\" style=\"text-align: justify;\">Dr. Fernando Klarck. Firma acuerdo de cooperaci\u00f3n interinstitucional, entre Gobernaci\u00f3n Departamental, el <a class=\"oajrlxb2 g5ia77u1 qu0x051f esr5mh6w e9989ue4 r7d6kgcz rq0escxv nhd2j8a9 nc684nl6 p7hjln8o kvgmc6g5 cxmmr5t8 oygrvhab hcukyx3x jb3vyjys rz4wbd8a qt6c0cv9 a8nywdso i1ao9s8h esuyzwwr f1sip0of lzcic4wl gpro0wi8 q66pz984 b1v8xokw\" tabindex=\"0\" role=\"link\" href=\"https:\/\/www.facebook.com\/hashtag\/ministeriop%C3%BAblico?__eep__=6&amp;__cft__[0]=AZWMDbzqZsd8a7mubY2DQiyCBV1DtwaB9322lHq7bWtWZE0KrPfR1aB1tQnQqs_o7fO10YNCL9fGLPNyNi8ykLlDXHrS5waB97mHkrXmhjgmUqLAzalzVyNeWzjhmNNOHEghrb8ec7yd003k4DgJxhVmZDwg6MZTtljAVWjVyFNuXw&amp;__tn__=*NK-R\">#MinisterioP\u00fablico<\/a> y <a class=\"oajrlxb2 g5ia77u1 qu0x051f esr5mh6w e9989ue4 r7d6kgcz rq0escxv nhd2j8a9 nc684nl6 p7hjln8o kvgmc6g5 cxmmr5t8 oygrvhab hcukyx3x jb3vyjys rz4wbd8a qt6c0cv9 a8nywdso i1ao9s8h esuyzwwr f1sip0of lzcic4wl gpro0wi8 q66pz984 b1v8xokw\" tabindex=\"0\" role=\"link\" href=\"https:\/\/www.facebook.com\/hashtag\/usac?__eep__=6&amp;__cft__[0]=AZWMDbzqZsd8a7mubY2DQiyCBV1DtwaB9322lHq7bWtWZE0KrPfR1aB1tQnQqs_o7fO10YNCL9fGLPNyNi8ykLlDXHrS5waB97mHkrXmhjgmUqLAzalzVyNeWzjhmNNOHEghrb8ec7yd003k4DgJxhVmZDwg6MZTtljAVWjVyFNuXw&amp;__tn__=*NK-R\">#USAC<\/a>\/CUNOR Con el objeto de efectuar el lanzamiento oficial; del Diplomado denominado: \u201cLiderazgo Comunitario Fortalecido y Comprometido en la prevenci\u00f3n de la Violencia\u201d el cual consistir\u00e1; En cinco m\u00f3dulos, con una universalidad de temas cada uno, entre ellos \u201cComo prevenir la violencia en contra de las mujeres\u201d el mencionado Diplomado, va dirigido a 500 lideresas y l\u00edderes comunitarios de los diferentes <a class=\"oajrlxb2 g5ia77u1 qu0x051f esr5mh6w e9989ue4 r7d6kgcz rq0escxv nhd2j8a9 nc684nl6 p7hjln8o kvgmc6g5 cxmmr5t8 oygrvhab hcukyx3x jb3vyjys rz4wbd8a qt6c0cv9 a8nywdso i1ao9s8h esuyzwwr f1sip0of lzcic4wl gpro0wi8 q66pz984 b1v8xokw\" tabindex=\"0\" role=\"link\" href=\"https:\/\/www.facebook.com\/hashtag\/cocodes?__eep__=6&amp;__cft__[0]=AZWMDbzqZsd8a7mubY2DQiyCBV1DtwaB9322lHq7bWtWZE0KrPfR1aB1tQnQqs_o7fO10YNCL9fGLPNyNi8ykLlDXHrS5waB97mHkrXmhjgmUqLAzalzVyNeWzjhmNNOHEghrb8ec7yd003k4DgJxhVmZDwg6MZTtljAVWjVyFNuXw&amp;__tn__=*NK-R\">#COCODES<\/a>, el cual se impartir\u00e1 del 20 de junio al 22 de agosto del presente a\u00f1o, en 6 sesiones simultaneas, dividido en 4 regiones de trabajo. As\u00ed: Municipio de Tucuru para cubrir el valle del Polochic. Fray Bartolom\u00e9 de las Casas, para cubrir la Franja Transversal del Norte. San Pedro Carcha y Santa Cruz Verapaz, para cubrir la regi\u00f3n central. Al finalizar se extender\u00e1 el respectivo diploma avalado por la Universidad antes mencionada y al mismo tiempo se entregar\u00e1 una insignia representativa de parte de Gobernaci\u00f3n Departamental a todas y todos los participantes.<\/div>\n<\/div>\n<div class=\"cxmmr5t8 oygrvhab hcukyx3x c1et5uql o9v6fnle ii04i59q\">\n<div dir=\"auto\" style=\"text-align: justify;\">La evoluci\u00f3n de estas acciones son gracias a la creaci\u00f3n de la mesa t\u00e9cnica permanente contra la violencia establecida en el Departamento y al esfuerzo colectivo de los representantes de Instituciones gubernamentales siguientes; <a class=\"oajrlxb2 g5ia77u1 qu0x051f esr5mh6w e9989ue4 r7d6kgcz rq0escxv nhd2j8a9 nc684nl6 p7hjln8o kvgmc6g5 cxmmr5t8 oygrvhab hcukyx3x jb3vyjys rz4wbd8a qt6c0cv9 a8nywdso i1ao9s8h esuyzwwr f1sip0of lzcic4wl gpro0wi8 q66pz984 b1v8xokw\" tabindex=\"0\" role=\"link\" href=\"https:\/\/www.facebook.com\/hashtag\/mp?__eep__=6&amp;__cft__[0]=AZWMDbzqZsd8a7mubY2DQiyCBV1DtwaB9322lHq7bWtWZE0KrPfR1aB1tQnQqs_o7fO10YNCL9fGLPNyNi8ykLlDXHrS5waB97mHkrXmhjgmUqLAzalzVyNeWzjhmNNOHEghrb8ec7yd003k4DgJxhVmZDwg6MZTtljAVWjVyFNuXw&amp;__tn__=*NK-R\">#MP<\/a>, <a class=\"oajrlxb2 g5ia77u1 qu0x051f esr5mh6w e9989ue4 r7d6kgcz rq0escxv nhd2j8a9 nc684nl6 p7hjln8o kvgmc6g5 cxmmr5t8 oygrvhab hcukyx3x jb3vyjys rz4wbd8a qt6c0cv9 a8nywdso i1ao9s8h esuyzwwr f1sip0of lzcic4wl gpro0wi8 q66pz984 b1v8xokw\" tabindex=\"0\" role=\"link\" href=\"https:\/\/www.facebook.com\/hashtag\/svet?__eep__=6&amp;__cft__[0]=AZWMDbzqZsd8a7mubY2DQiyCBV1DtwaB9322lHq7bWtWZE0KrPfR1aB1tQnQqs_o7fO10YNCL9fGLPNyNi8ykLlDXHrS5waB97mHkrXmhjgmUqLAzalzVyNeWzjhmNNOHEghrb8ec7yd003k4DgJxhVmZDwg6MZTtljAVWjVyFNuXw&amp;__tn__=*NK-R\">#SVET<\/a>, <a class=\"oajrlxb2 g5ia77u1 qu0x051f esr5mh6w e9989ue4 r7d6kgcz rq0escxv nhd2j8a9 nc684nl6 p7hjln8o kvgmc6g5 cxmmr5t8 oygrvhab hcukyx3x jb3vyjys rz4wbd8a qt6c0cv9 a8nywdso i1ao9s8h esuyzwwr f1sip0of lzcic4wl gpro0wi8 q66pz984 b1v8xokw\" tabindex=\"0\" role=\"link\" href=\"https:\/\/www.facebook.com\/hashtag\/seprem?__eep__=6&amp;__cft__[0]=AZWMDbzqZsd8a7mubY2DQiyCBV1DtwaB9322lHq7bWtWZE0KrPfR1aB1tQnQqs_o7fO10YNCL9fGLPNyNi8ykLlDXHrS5waB97mHkrXmhjgmUqLAzalzVyNeWzjhmNNOHEghrb8ec7yd003k4DgJxhVmZDwg6MZTtljAVWjVyFNuXw&amp;__tn__=*NK-R\">#SEPREM<\/a>, <a class=\"oajrlxb2 g5ia77u1 qu0x051f esr5mh6w e9989ue4 r7d6kgcz rq0escxv nhd2j8a9 nc684nl6 p7hjln8o kvgmc6g5 cxmmr5t8 oygrvhab hcukyx3x jb3vyjys rz4wbd8a qt6c0cv9 a8nywdso i1ao9s8h esuyzwwr f1sip0of lzcic4wl gpro0wi8 q66pz984 b1v8xokw\" tabindex=\"0\" role=\"link\" href=\"https:\/\/www.facebook.com\/hashtag\/cunor?__eep__=6&amp;__cft__[0]=AZWMDbzqZsd8a7mubY2DQiyCBV1DtwaB9322lHq7bWtWZE0KrPfR1aB1tQnQqs_o7fO10YNCL9fGLPNyNi8ykLlDXHrS5waB97mHkrXmhjgmUqLAzalzVyNeWzjhmNNOHEghrb8ec7yd003k4DgJxhVmZDwg6MZTtljAVWjVyFNuXw&amp;__tn__=*NK-R\">#CUNOR<\/a>\/USAC, <a class=\"oajrlxb2 g5ia77u1 qu0x051f esr5mh6w e9989ue4 r7d6kgcz rq0escxv nhd2j8a9 nc684nl6 p7hjln8o kvgmc6g5 cxmmr5t8 oygrvhab hcukyx3x jb3vyjys rz4wbd8a qt6c0cv9 a8nywdso i1ao9s8h esuyzwwr f1sip0of lzcic4wl gpro0wi8 q66pz984 b1v8xokw\" tabindex=\"0\" role=\"link\" href=\"https:\/\/www.facebook.com\/hashtag\/upcv?__eep__=6&amp;__cft__[0]=AZWMDbzqZsd8a7mubY2DQiyCBV1DtwaB9322lHq7bWtWZE0KrPfR1aB1tQnQqs_o7fO10YNCL9fGLPNyNi8ykLlDXHrS5waB97mHkrXmhjgmUqLAzalzVyNeWzjhmNNOHEghrb8ec7yd003k4DgJxhVmZDwg6MZTtljAVWjVyFNuXw&amp;__tn__=*NK-R\">#UPCV<\/a> y <a class=\"oajrlxb2 g5ia77u1 qu0x051f esr5mh6w e9989ue4 r7d6kgcz rq0escxv nhd2j8a9 nc684nl6 p7hjln8o kvgmc6g5 cxmmr5t8 oygrvhab hcukyx3x jb3vyjys rz4wbd8a qt6c0cv9 a8nywdso i1ao9s8h esuyzwwr f1sip0of lzcic4wl gpro0wi8 q66pz984 b1v8xokw\" tabindex=\"0\" role=\"link\" href=\"https:\/\/www.facebook.com\/hashtag\/dac?__eep__=6&amp;__cft__[0]=AZWMDbzqZsd8a7mubY2DQiyCBV1DtwaB9322lHq7bWtWZE0KrPfR1aB1tQnQqs_o7fO10YNCL9fGLPNyNi8ykLlDXHrS5waB97mHkrXmhjgmUqLAzalzVyNeWzjhmNNOHEghrb8ec7yd003k4DgJxhVmZDwg6MZTtljAVWjVyFNuXw&amp;__tn__=*NK-R\">#DAC<\/a>.<\/div>\n<\/div>\n<div dir=\"auto\"><\/div>\n<div dir=\"auto\"><\/div>\n<div dir=\"auto\">\n<div><\/div>\n<\/div>\n<p>&nbsp;<\/p>\n","protected":false},"excerpt":{"rendered":"<p>Dr. Fernando Klarck. Firma acuerdo de cooperaci\u00f3n interinstitucional, entre Gobernaci\u00f3n Departamental, el #MinisterioP\u00fablico y #USAC\/CUNOR Con el objeto de efectuar el lanzamiento oficial; del Diplomado denominado: \u201cLiderazgo Comunitario Fortalecido y Comprometido en la prevenci\u00f3n de la Violencia\u201d el cual consistir\u00e1; En cinco m\u00f3dulos, con una universalidad de temas cada uno, entre ellos \u201cComo prevenir la [&hellip;]<\/p>\n","protected":false},"author":1,"featured_media":13002,"comment_status":"closed","ping_status":"open","sticky":false,"template":"","format":"gallery","meta":[],"categories":[194],"tags":[178],"_links":{"self":[{"href":"https:\/\/gobernacionaltaverapaz.gob.gt\/index.php?rest_route=\/wp\/v2\/posts\/13007"}],"collection":[{"href":"https:\/\/gobernacionaltaverapaz.gob.gt\/index.php?rest_route=\/wp\/v2\/posts"}],"about":[{"href":"https:\/\/gobernacionaltaverapaz.gob.gt\/index.php?rest_route=\/wp\/v2\/types\/post"}],"author":[{"embeddable":true,"href":"https:\/\/gobernacionaltaverapaz.gob.gt\/index.php?rest_route=\/wp\/v2\/users\/1"}],"replies":[{"embeddable":true,"href":"https:\/\/gobernacionaltaverapaz.gob.gt\/index.php?rest_route=%2Fwp%2Fv2%2Fcomments&post=13007"}],"version-history":[{"count":1,"href":"https:\/\/gobernacionaltaverapaz.gob.gt\/index.php?rest_route=\/wp\/v2\/posts\/13007\/revisions"}],"predecessor-version":[{"id":13008,"href":"https:\/\/gobernacionaltaverapaz.gob.gt\/index.php?rest_route=\/wp\/v2\/posts\/13007\/revisions\/13008"}],"wp:featuredmedia":[{"embeddable":true,"href":"https:\/\/gobernacionaltaverapaz.gob.gt\/index.php?rest_route=\/wp\/v2\/media\/13002"}],"wp:attachment":[{"href":"https:\/\/gobernacionaltaverapaz.gob.gt\/index.php?rest_route=%2Fwp%2Fv2%2Fmedia&parent=13007"}],"wp:term":[{"taxonomy":"category","embeddable":true,"href":"https:\/\/gobernacionaltaverapaz.gob.gt\/index.php?rest_route=%2Fwp%2Fv2%2Fcategories&post=13007"},{"taxonomy":"post_tag","embeddable":true,"href":"https:\/\/gobernacionaltaverapaz.gob.gt\/index.php?rest_route=%2Fwp%2Fv2%2Ftags&post=13007"}],"curies":[{"name":"wp","href":"https:\/\/api.w.org\/{rel}","templated":true}]}}