{"id":13012,"date":"2022-06-15T20:35:30","date_gmt":"2022-06-16T02:35:30","guid":{"rendered":"https:\/\/gobernacionaltaverapaz.gob.gt\/?p=13012"},"modified":"2022-06-27T15:59:03","modified_gmt":"2022-06-27T21:59:03","slug":"diligencia-se-efectu-pacficamente-cumpliendo-con-todos-los-protocolos-nacionales-internacionales","status":"publish","type":"post","link":"https:\/\/gobernacionaltaverapaz.gob.gt\/?p=13012","title":{"rendered":"Diligencia que se efectu\u00f3 pac\u00edficamente"},"content":{"rendered":"<p style=\"text-align: justify;\"><span class=\"d2edcug0 hpfvmrgz qv66sw1b c1et5uql lr9zc1uh a8c37x1j fe6kdd0r mau55g9w c8b282yb keod5gw0 nxhoafnm aigsh9s9 d3f4x2em iv3no6db jq4qci2q a3bd9o3v b1v8xokw oo9gr5id hzawbc8m\" dir=\"auto\">Dr. Fernando Klarck. Acompa\u00f1a a, Autoridades Judiciales, Procuradur\u00eda de los Derechos Humanos, Ministerio Publico, Polic\u00eda Nacional Civil, y Comisi\u00f3n Presidencial por la paz COPADEH. Para darle cumplimiento a la Sentencia de ejecuci\u00f3n de Juez competente; del DESALOJO en la Finca los Recuerdos de Santa Mar\u00eda Cahabon, de este Departamento de Alta Verapaz. Diligencia que se efectu\u00f3 pac\u00edficamente, cumpliendo con todos los protocolos nacionales e internacionales, notificando y dialogando inicialmente, con las personas que ocupaban ilegalmente la finca, respetando sus garant\u00edas constitucionales y d\u00e1ndole cumplimiento como corresponde, al debido proceso. <\/span><\/p>\n<p>&nbsp;<\/p>\n<p>&nbsp;<\/p>\n<div><\/div>\n","protected":false},"excerpt":{"rendered":"<p>Dr. Fernando Klarck. Acompa\u00f1a a, Autoridades Judiciales, Procuradur\u00eda de los Derechos Humanos, Ministerio Publico, Polic\u00eda Nacional Civil, y Comisi\u00f3n Presidencial por la paz COPADEH. Para darle cumplimiento a la Sentencia de ejecuci\u00f3n de Juez competente; del DESALOJO en la Finca los Recuerdos de Santa Mar\u00eda Cahabon, de este Departamento de Alta Verapaz. Diligencia que se [&hellip;]<\/p>\n","protected":false},"author":1,"featured_media":13009,"comment_status":"closed","ping_status":"open","sticky":false,"template":"","format":"gallery","meta":[],"categories":[194],"tags":[178],"_links":{"self":[{"href":"https:\/\/gobernacionaltaverapaz.gob.gt\/index.php?rest_route=\/wp\/v2\/posts\/13012"}],"collection":[{"href":"https:\/\/gobernacionaltaverapaz.gob.gt\/index.php?rest_route=\/wp\/v2\/posts"}],"about":[{"href":"https:\/\/gobernacionaltaverapaz.gob.gt\/index.php?rest_route=\/wp\/v2\/types\/post"}],"author":[{"embeddable":true,"href":"https:\/\/gobernacionaltaverapaz.gob.gt\/index.php?rest_route=\/wp\/v2\/users\/1"}],"replies":[{"embeddable":true,"href":"https:\/\/gobernacionaltaverapaz.gob.gt\/index.php?rest_route=%2Fwp%2Fv2%2Fcomments&post=13012"}],"version-history":[{"count":2,"href":"https:\/\/gobernacionaltaverapaz.gob.gt\/index.php?rest_route=\/wp\/v2\/posts\/13012\/revisions"}],"predecessor-version":[{"id":13014,"href":"https:\/\/gobernacionaltaverapaz.gob.gt\/index.php?rest_route=\/wp\/v2\/posts\/13012\/revisions\/13014"}],"wp:featuredmedia":[{"embeddable":true,"href":"https:\/\/gobernacionaltaverapaz.gob.gt\/index.php?rest_route=\/wp\/v2\/media\/13009"}],"wp:attachment":[{"href":"https:\/\/gobernacionaltaverapaz.gob.gt\/index.php?rest_route=%2Fwp%2Fv2%2Fmedia&parent=13012"}],"wp:term":[{"taxonomy":"category","embeddable":true,"href":"https:\/\/gobernacionaltaverapaz.gob.gt\/index.php?rest_route=%2Fwp%2Fv2%2Fcategories&post=13012"},{"taxonomy":"post_tag","embeddable":true,"href":"https:\/\/gobernacionaltaverapaz.gob.gt\/index.php?rest_route=%2Fwp%2Fv2%2Ftags&post=13012"}],"curies":[{"name":"wp","href":"https:\/\/api.w.org\/{rel}","templated":true}]}}