{"id":13015,"date":"2022-06-16T17:44:42","date_gmt":"2022-06-16T23:44:42","guid":{"rendered":"https:\/\/gobernacionaltaverapaz.gob.gt\/?p=13015"},"modified":"2022-06-27T16:07:12","modified_gmt":"2022-06-27T22:07:12","slug":"reunin-con-comisario-general","status":"publish","type":"post","link":"https:\/\/gobernacionaltaverapaz.gob.gt\/?p=13015","title":{"rendered":"Reuni\u00f3n con Comisario General"},"content":{"rendered":"<p style=\"text-align: justify;\"><span class=\"d2edcug0 hpfvmrgz qv66sw1b c1et5uql lr9zc1uh a8c37x1j fe6kdd0r mau55g9w c8b282yb keod5gw0 nxhoafnm aigsh9s9 d3f4x2em iv3no6db jq4qci2q a3bd9o3v b1v8xokw oo9gr5id hzawbc8m\" dir=\"auto\">Dr. Fernando Klarck. Gobernador Departamental. Recibe en su Despacho, a Comisario General. H\u00e9ctor Leonel Hern\u00e1ndez Mendoza. Director de la Polic\u00eda Nacional Civil. Con el objeto de tratar varios temas, entre ellos: 1) garantizar la Seguridad Ciudadana, 2) abordar estrategias institucionales, apegadas al Estado de Derecho y respeto a los Derechos Humanos de todos los ciudadanos, referentes, a la conflictividad y especialmente por los \u00faltimos hechos delincuenciales acaecidos en el Departamento de Alta Verapaz. y 3) Para fortalecer el desempe\u00f1o del trabajo de toda la Instituci\u00f3n policial en las diferentes Sub- Estaciones de la Comisaria No. 51 de PNC.<\/span><\/p>\n<p>&nbsp;<\/p>\n<p>&nbsp;<\/p>\n<p><img decoding=\"async\" loading=\"lazy\" class=\"alignnone size-full wp-image-13016\" src=\"https:\/\/gobernacionaltaverapaz.gob.gt\/wp-content\/uploads\/2022\/06\/01-23.jpg\" alt=\"\" width=\"900\" height=\"600\" srcset=\"https:\/\/gobernacionaltaverapaz.gob.gt\/wp-content\/uploads\/2022\/06\/01-23.jpg 900w, https:\/\/gobernacionaltaverapaz.gob.gt\/wp-content\/uploads\/2022\/06\/01-23-300x200.jpg 300w, https:\/\/gobernacionaltaverapaz.gob.gt\/wp-content\/uploads\/2022\/06\/01-23-768x512.jpg 768w\" sizes=\"(max-width: 900px) 100vw, 900px\" \/><\/p>\n","protected":false},"excerpt":{"rendered":"<p>Dr. Fernando Klarck. Gobernador Departamental. Recibe en su Despacho, a Comisario General. H\u00e9ctor Leonel Hern\u00e1ndez Mendoza. Director de la Polic\u00eda Nacional Civil. Con el objeto de tratar varios temas, entre ellos: 1) garantizar la Seguridad Ciudadana, 2) abordar estrategias institucionales, apegadas al Estado de Derecho y respeto a los Derechos Humanos de todos los ciudadanos, [&hellip;]<\/p>\n","protected":false},"author":1,"featured_media":13017,"comment_status":"closed","ping_status":"open","sticky":false,"template":"","format":"gallery","meta":[],"categories":[194],"tags":[178],"_links":{"self":[{"href":"https:\/\/gobernacionaltaverapaz.gob.gt\/index.php?rest_route=\/wp\/v2\/posts\/13015"}],"collection":[{"href":"https:\/\/gobernacionaltaverapaz.gob.gt\/index.php?rest_route=\/wp\/v2\/posts"}],"about":[{"href":"https:\/\/gobernacionaltaverapaz.gob.gt\/index.php?rest_route=\/wp\/v2\/types\/post"}],"author":[{"embeddable":true,"href":"https:\/\/gobernacionaltaverapaz.gob.gt\/index.php?rest_route=\/wp\/v2\/users\/1"}],"replies":[{"embeddable":true,"href":"https:\/\/gobernacionaltaverapaz.gob.gt\/index.php?rest_route=%2Fwp%2Fv2%2Fcomments&post=13015"}],"version-history":[{"count":1,"href":"https:\/\/gobernacionaltaverapaz.gob.gt\/index.php?rest_route=\/wp\/v2\/posts\/13015\/revisions"}],"predecessor-version":[{"id":13018,"href":"https:\/\/gobernacionaltaverapaz.gob.gt\/index.php?rest_route=\/wp\/v2\/posts\/13015\/revisions\/13018"}],"wp:featuredmedia":[{"embeddable":true,"href":"https:\/\/gobernacionaltaverapaz.gob.gt\/index.php?rest_route=\/wp\/v2\/media\/13017"}],"wp:attachment":[{"href":"https:\/\/gobernacionaltaverapaz.gob.gt\/index.php?rest_route=%2Fwp%2Fv2%2Fmedia&parent=13015"}],"wp:term":[{"taxonomy":"category","embeddable":true,"href":"https:\/\/gobernacionaltaverapaz.gob.gt\/index.php?rest_route=%2Fwp%2Fv2%2Fcategories&post=13015"},{"taxonomy":"post_tag","embeddable":true,"href":"https:\/\/gobernacionaltaverapaz.gob.gt\/index.php?rest_route=%2Fwp%2Fv2%2Ftags&post=13015"}],"curies":[{"name":"wp","href":"https:\/\/api.w.org\/{rel}","templated":true}]}}