{"id":13019,"date":"2022-06-16T17:53:44","date_gmt":"2022-06-16T23:53:44","guid":{"rendered":"https:\/\/gobernacionaltaverapaz.gob.gt\/?p=13019"},"modified":"2022-06-27T16:13:14","modified_gmt":"2022-06-27T22:13:14","slug":"reunin-extraordinaria-del-codedeav","status":"publish","type":"post","link":"https:\/\/gobernacionaltaverapaz.gob.gt\/?p=13019","title":{"rendered":"Reuni\u00f3n Extraordinaria del CODEDEAV"},"content":{"rendered":"<p style=\"text-align: justify;\"><span class=\"d2edcug0 hpfvmrgz qv66sw1b c1et5uql lr9zc1uh a8c37x1j fe6kdd0r mau55g9w c8b282yb keod5gw0 nxhoafnm aigsh9s9 d3f4x2em iv3no6db jq4qci2q a3bd9o3v b1v8xokw oo9gr5id hzawbc8m\" dir=\"auto\">El Dr. Fernando Klarck, dirigi\u00f3 Reuni\u00f3n Extraordinaria del Consejo Departamental de Desarrollo de Alta Verapaz, conjuntamente con la Licda. Romelia Cal, secretaria de este consejo y la Licda. \u00c1ngela Alvarado ten\u00ed Directora ejecutiva del CODEDEAV, con representantes de instituciones de Gobierno, miembros de las corporaciones Municipales y Organizaciones no gubernamentales, con el objeto de conceder la aprobaci\u00f3n a la distribuci\u00f3n de recursos a los Consejos Municipales de Desarrollo realizada por la UTD, as\u00ed como; la Aprobaci\u00f3n a la Propuesta Final de Inversi\u00f3n Departamental 2023, en donde se priorizaron los siguientes sectores; Salud, Educaci\u00f3n, Introducci\u00f3n y Distribuci\u00f3n de Agua Potable, Infraestructura e Infraestructura de Fomento para la Producci\u00f3n. <\/span><\/p>\n<p><img decoding=\"async\" loading=\"lazy\" class=\"alignnone size-full wp-image-13020\" src=\"https:\/\/gobernacionaltaverapaz.gob.gt\/wp-content\/uploads\/2022\/06\/01-24.jpg\" alt=\"\" width=\"930\" height=\"540\" srcset=\"https:\/\/gobernacionaltaverapaz.gob.gt\/wp-content\/uploads\/2022\/06\/01-24.jpg 930w, https:\/\/gobernacionaltaverapaz.gob.gt\/wp-content\/uploads\/2022\/06\/01-24-300x174.jpg 300w, https:\/\/gobernacionaltaverapaz.gob.gt\/wp-content\/uploads\/2022\/06\/01-24-768x446.jpg 768w\" sizes=\"(max-width: 930px) 100vw, 930px\" \/><\/p>\n<p>&nbsp;<\/p>\n<p>&nbsp;<\/p>\n","protected":false},"excerpt":{"rendered":"<p>El Dr. Fernando Klarck, dirigi\u00f3 Reuni\u00f3n Extraordinaria del Consejo Departamental de Desarrollo de Alta Verapaz, conjuntamente con la Licda. Romelia Cal, secretaria de este consejo y la Licda. \u00c1ngela Alvarado ten\u00ed Directora ejecutiva del CODEDEAV, con representantes de instituciones de Gobierno, miembros de las corporaciones Municipales y Organizaciones no gubernamentales, con el objeto de conceder [&hellip;]<\/p>\n","protected":false},"author":1,"featured_media":13021,"comment_status":"closed","ping_status":"open","sticky":false,"template":"","format":"standard","meta":[],"categories":[194],"tags":[178],"_links":{"self":[{"href":"https:\/\/gobernacionaltaverapaz.gob.gt\/index.php?rest_route=\/wp\/v2\/posts\/13019"}],"collection":[{"href":"https:\/\/gobernacionaltaverapaz.gob.gt\/index.php?rest_route=\/wp\/v2\/posts"}],"about":[{"href":"https:\/\/gobernacionaltaverapaz.gob.gt\/index.php?rest_route=\/wp\/v2\/types\/post"}],"author":[{"embeddable":true,"href":"https:\/\/gobernacionaltaverapaz.gob.gt\/index.php?rest_route=\/wp\/v2\/users\/1"}],"replies":[{"embeddable":true,"href":"https:\/\/gobernacionaltaverapaz.gob.gt\/index.php?rest_route=%2Fwp%2Fv2%2Fcomments&post=13019"}],"version-history":[{"count":1,"href":"https:\/\/gobernacionaltaverapaz.gob.gt\/index.php?rest_route=\/wp\/v2\/posts\/13019\/revisions"}],"predecessor-version":[{"id":13022,"href":"https:\/\/gobernacionaltaverapaz.gob.gt\/index.php?rest_route=\/wp\/v2\/posts\/13019\/revisions\/13022"}],"wp:featuredmedia":[{"embeddable":true,"href":"https:\/\/gobernacionaltaverapaz.gob.gt\/index.php?rest_route=\/wp\/v2\/media\/13021"}],"wp:attachment":[{"href":"https:\/\/gobernacionaltaverapaz.gob.gt\/index.php?rest_route=%2Fwp%2Fv2%2Fmedia&parent=13019"}],"wp:term":[{"taxonomy":"category","embeddable":true,"href":"https:\/\/gobernacionaltaverapaz.gob.gt\/index.php?rest_route=%2Fwp%2Fv2%2Fcategories&post=13019"},{"taxonomy":"post_tag","embeddable":true,"href":"https:\/\/gobernacionaltaverapaz.gob.gt\/index.php?rest_route=%2Fwp%2Fv2%2Ftags&post=13019"}],"curies":[{"name":"wp","href":"https:\/\/api.w.org\/{rel}","templated":true}]}}