{"id":13035,"date":"2022-06-17T13:53:10","date_gmt":"2022-06-17T19:53:10","guid":{"rendered":"https:\/\/gobernacionaltaverapaz.gob.gt\/?p=13035"},"modified":"2022-06-27T16:56:58","modified_gmt":"2022-06-27T22:56:58","slug":"reunin-ordinaria-del-coredur","status":"publish","type":"post","link":"https:\/\/gobernacionaltaverapaz.gob.gt\/?p=13035","title":{"rendered":"Reuni\u00f3n ordinaria del COREDUR"},"content":{"rendered":"<div dir=\"auto\" style=\"text-align: justify;\">En el Sal\u00f3n de las Am\u00e9ricas del Palacio de Gobernaci\u00f3n de Alta Verapaz, se llev\u00f3 a cabo reuni\u00f3n ordinaria del Consejo Regional de Desarrollo Urbano y Rural <a class=\"oajrlxb2 g5ia77u1 qu0x051f esr5mh6w e9989ue4 r7d6kgcz rq0escxv nhd2j8a9 nc684nl6 p7hjln8o kvgmc6g5 cxmmr5t8 oygrvhab hcukyx3x jb3vyjys rz4wbd8a qt6c0cv9 a8nywdso i1ao9s8h esuyzwwr f1sip0of lzcic4wl gpro0wi8 q66pz984 b1v8xokw\" tabindex=\"0\" role=\"link\" href=\"https:\/\/www.facebook.com\/hashtag\/coredur?__eep__=6&amp;__cft__[0]=AZWrkRFx4h_ImwoIqJPAUOewGifyCJt5csnVTHlNc-uP_pVh1kAJ979qBF-_klvRImwfpd6nTCFzbQVsVBj4k5VuyhgMPnispbWtcPL_ePvQI-5hfrGJ_AV_qfz_9P-Zeg3d2jjPjKcxBNuhYaa6t5WettirUFS4FiDlXPSXSI_agw&amp;__tn__=*NK-R\">#COREDUR<\/a>, la cual cont\u00f3 con la participaci\u00f3n de las siguientes autoridades gubernamentales; Dr. Fernando Jerem\u00edas Rodr\u00edguez Klarck Gobernador de Alta Verapaz, Arq. Nehem\u00edas Jared Matheu, Presidente de este consejo, Licda. Mar\u00eda Rubidia Ascencio Gobernadora de Baja Verapaz, representantes de Instituciones Gubernamentales y no Gubernamentales.<\/div>\n<div dir=\"auto\" style=\"text-align: justify;\">El objeto de la presente, fue conocer y aprobar la Propuesta Final de Inversi\u00f3n Regional para el a\u00f1o fiscal 2023. Luego de haber realizado la integraci\u00f3n de las propuestas Departamentales aprobadas por los <a class=\"oajrlxb2 g5ia77u1 qu0x051f esr5mh6w e9989ue4 r7d6kgcz rq0escxv nhd2j8a9 nc684nl6 p7hjln8o kvgmc6g5 cxmmr5t8 oygrvhab hcukyx3x jb3vyjys rz4wbd8a qt6c0cv9 a8nywdso i1ao9s8h esuyzwwr f1sip0of lzcic4wl gpro0wi8 q66pz984 b1v8xokw\" tabindex=\"0\" role=\"link\" href=\"https:\/\/www.facebook.com\/hashtag\/codedes?__eep__=6&amp;__cft__[0]=AZWrkRFx4h_ImwoIqJPAUOewGifyCJt5csnVTHlNc-uP_pVh1kAJ979qBF-_klvRImwfpd6nTCFzbQVsVBj4k5VuyhgMPnispbWtcPL_ePvQI-5hfrGJ_AV_qfz_9P-Zeg3d2jjPjKcxBNuhYaa6t5WettirUFS4FiDlXPSXSI_agw&amp;__tn__=*NK-R\">#CODEDES<\/a> de Alta Y Baja Verapaz.<\/div>\n<div dir=\"auto\"><\/div>\n<div dir=\"auto\"><\/div>\n<div dir=\"auto\">\n<div><\/div>\n<\/div>\n<p>&nbsp;<\/p>\n","protected":false},"excerpt":{"rendered":"<p>En el Sal\u00f3n de las Am\u00e9ricas del Palacio de Gobernaci\u00f3n de Alta Verapaz, se llev\u00f3 a cabo reuni\u00f3n ordinaria del Consejo Regional de Desarrollo Urbano y Rural #COREDUR, la cual cont\u00f3 con la participaci\u00f3n de las siguientes autoridades gubernamentales; Dr. Fernando Jerem\u00edas Rodr\u00edguez Klarck Gobernador de Alta Verapaz, Arq. Nehem\u00edas Jared Matheu, Presidente de este [&hellip;]<\/p>\n","protected":false},"author":1,"featured_media":13032,"comment_status":"closed","ping_status":"open","sticky":false,"template":"","format":"gallery","meta":[],"categories":[194],"tags":[178],"_links":{"self":[{"href":"https:\/\/gobernacionaltaverapaz.gob.gt\/index.php?rest_route=\/wp\/v2\/posts\/13035"}],"collection":[{"href":"https:\/\/gobernacionaltaverapaz.gob.gt\/index.php?rest_route=\/wp\/v2\/posts"}],"about":[{"href":"https:\/\/gobernacionaltaverapaz.gob.gt\/index.php?rest_route=\/wp\/v2\/types\/post"}],"author":[{"embeddable":true,"href":"https:\/\/gobernacionaltaverapaz.gob.gt\/index.php?rest_route=\/wp\/v2\/users\/1"}],"replies":[{"embeddable":true,"href":"https:\/\/gobernacionaltaverapaz.gob.gt\/index.php?rest_route=%2Fwp%2Fv2%2Fcomments&post=13035"}],"version-history":[{"count":1,"href":"https:\/\/gobernacionaltaverapaz.gob.gt\/index.php?rest_route=\/wp\/v2\/posts\/13035\/revisions"}],"predecessor-version":[{"id":13036,"href":"https:\/\/gobernacionaltaverapaz.gob.gt\/index.php?rest_route=\/wp\/v2\/posts\/13035\/revisions\/13036"}],"wp:featuredmedia":[{"embeddable":true,"href":"https:\/\/gobernacionaltaverapaz.gob.gt\/index.php?rest_route=\/wp\/v2\/media\/13032"}],"wp:attachment":[{"href":"https:\/\/gobernacionaltaverapaz.gob.gt\/index.php?rest_route=%2Fwp%2Fv2%2Fmedia&parent=13035"}],"wp:term":[{"taxonomy":"category","embeddable":true,"href":"https:\/\/gobernacionaltaverapaz.gob.gt\/index.php?rest_route=%2Fwp%2Fv2%2Fcategories&post=13035"},{"taxonomy":"post_tag","embeddable":true,"href":"https:\/\/gobernacionaltaverapaz.gob.gt\/index.php?rest_route=%2Fwp%2Fv2%2Ftags&post=13035"}],"curies":[{"name":"wp","href":"https:\/\/api.w.org\/{rel}","templated":true}]}}