{"id":13040,"date":"2022-06-17T16:28:46","date_gmt":"2022-06-17T22:28:46","guid":{"rendered":"https:\/\/gobernacionaltaverapaz.gob.gt\/?p=13040"},"modified":"2022-06-27T17:11:46","modified_gmt":"2022-06-27T23:11:46","slug":"gobernador-departamental-dirigi-mesa-tcnica-permanente-con-representantes-de-instituciones","status":"publish","type":"post","link":"https:\/\/gobernacionaltaverapaz.gob.gt\/?p=13040","title":{"rendered":"Gobernador Departamental dirigi\u00f3 mesa t\u00e9cnica permanente con representantes de Instituciones"},"content":{"rendered":"<div dir=\"auto\" style=\"text-align: justify;\">El Dr. Fernando Klarck, Gobernador Departamental, dirigi\u00f3 mesa t\u00e9cnica permanente con representantes de Instituciones gubernamentales siguientes; <a class=\"oajrlxb2 g5ia77u1 qu0x051f esr5mh6w e9989ue4 r7d6kgcz rq0escxv nhd2j8a9 nc684nl6 p7hjln8o kvgmc6g5 cxmmr5t8 oygrvhab hcukyx3x jb3vyjys rz4wbd8a qt6c0cv9 a8nywdso i1ao9s8h esuyzwwr f1sip0of lzcic4wl gpro0wi8 q66pz984 b1v8xokw\" tabindex=\"0\" role=\"link\" href=\"https:\/\/www.facebook.com\/hashtag\/mp?__eep__=6&amp;__cft__[0]=AZV2O0s57MEutr10moygeQKnZUt5oISttGEvp0q7Va1fIrh-jmp0BG6Cv_KPBiN6bH0xzBLzX3P9AKdRIAIl5tDf2Cq4Pj00SqbCnJGBr8_41fVK5_2yUxn-yNZIBtnVECYRHRt0rteyN8JcL-2Vu-UWpes59aUsP7ybWMymsSAz0g&amp;__tn__=*NK-R\">#MP<\/a>, <a class=\"oajrlxb2 g5ia77u1 qu0x051f esr5mh6w e9989ue4 r7d6kgcz rq0escxv nhd2j8a9 nc684nl6 p7hjln8o kvgmc6g5 cxmmr5t8 oygrvhab hcukyx3x jb3vyjys rz4wbd8a qt6c0cv9 a8nywdso i1ao9s8h esuyzwwr f1sip0of lzcic4wl gpro0wi8 q66pz984 b1v8xokw\" tabindex=\"0\" role=\"link\" href=\"https:\/\/www.facebook.com\/hashtag\/svet?__eep__=6&amp;__cft__[0]=AZV2O0s57MEutr10moygeQKnZUt5oISttGEvp0q7Va1fIrh-jmp0BG6Cv_KPBiN6bH0xzBLzX3P9AKdRIAIl5tDf2Cq4Pj00SqbCnJGBr8_41fVK5_2yUxn-yNZIBtnVECYRHRt0rteyN8JcL-2Vu-UWpes59aUsP7ybWMymsSAz0g&amp;__tn__=*NK-R\">#SVET<\/a>, <a class=\"oajrlxb2 g5ia77u1 qu0x051f esr5mh6w e9989ue4 r7d6kgcz rq0escxv nhd2j8a9 nc684nl6 p7hjln8o kvgmc6g5 cxmmr5t8 oygrvhab hcukyx3x jb3vyjys rz4wbd8a qt6c0cv9 a8nywdso i1ao9s8h esuyzwwr f1sip0of lzcic4wl gpro0wi8 q66pz984 b1v8xokw\" tabindex=\"0\" role=\"link\" href=\"https:\/\/www.facebook.com\/hashtag\/seprem?__eep__=6&amp;__cft__[0]=AZV2O0s57MEutr10moygeQKnZUt5oISttGEvp0q7Va1fIrh-jmp0BG6Cv_KPBiN6bH0xzBLzX3P9AKdRIAIl5tDf2Cq4Pj00SqbCnJGBr8_41fVK5_2yUxn-yNZIBtnVECYRHRt0rteyN8JcL-2Vu-UWpes59aUsP7ybWMymsSAz0g&amp;__tn__=*NK-R\">#SEPREM<\/a>, <a class=\"oajrlxb2 g5ia77u1 qu0x051f esr5mh6w e9989ue4 r7d6kgcz rq0escxv nhd2j8a9 nc684nl6 p7hjln8o kvgmc6g5 cxmmr5t8 oygrvhab hcukyx3x jb3vyjys rz4wbd8a qt6c0cv9 a8nywdso i1ao9s8h esuyzwwr f1sip0of lzcic4wl gpro0wi8 q66pz984 b1v8xokw\" tabindex=\"0\" role=\"link\" href=\"https:\/\/www.facebook.com\/hashtag\/cunor?__eep__=6&amp;__cft__[0]=AZV2O0s57MEutr10moygeQKnZUt5oISttGEvp0q7Va1fIrh-jmp0BG6Cv_KPBiN6bH0xzBLzX3P9AKdRIAIl5tDf2Cq4Pj00SqbCnJGBr8_41fVK5_2yUxn-yNZIBtnVECYRHRt0rteyN8JcL-2Vu-UWpes59aUsP7ybWMymsSAz0g&amp;__tn__=*NK-R\">#CUNOR<\/a>\/USAC, <a class=\"oajrlxb2 g5ia77u1 qu0x051f esr5mh6w e9989ue4 r7d6kgcz rq0escxv nhd2j8a9 nc684nl6 p7hjln8o kvgmc6g5 cxmmr5t8 oygrvhab hcukyx3x jb3vyjys rz4wbd8a qt6c0cv9 a8nywdso i1ao9s8h esuyzwwr f1sip0of lzcic4wl gpro0wi8 q66pz984 b1v8xokw\" tabindex=\"0\" role=\"link\" href=\"https:\/\/www.facebook.com\/hashtag\/upcv?__eep__=6&amp;__cft__[0]=AZV2O0s57MEutr10moygeQKnZUt5oISttGEvp0q7Va1fIrh-jmp0BG6Cv_KPBiN6bH0xzBLzX3P9AKdRIAIl5tDf2Cq4Pj00SqbCnJGBr8_41fVK5_2yUxn-yNZIBtnVECYRHRt0rteyN8JcL-2Vu-UWpes59aUsP7ybWMymsSAz0g&amp;__tn__=*NK-R\">#UPCV<\/a> y <a class=\"oajrlxb2 g5ia77u1 qu0x051f esr5mh6w e9989ue4 r7d6kgcz rq0escxv nhd2j8a9 nc684nl6 p7hjln8o kvgmc6g5 cxmmr5t8 oygrvhab hcukyx3x jb3vyjys rz4wbd8a qt6c0cv9 a8nywdso i1ao9s8h esuyzwwr f1sip0of lzcic4wl gpro0wi8 q66pz984 b1v8xokw\" tabindex=\"0\" role=\"link\" href=\"https:\/\/www.facebook.com\/hashtag\/dac?__eep__=6&amp;__cft__[0]=AZV2O0s57MEutr10moygeQKnZUt5oISttGEvp0q7Va1fIrh-jmp0BG6Cv_KPBiN6bH0xzBLzX3P9AKdRIAIl5tDf2Cq4Pj00SqbCnJGBr8_41fVK5_2yUxn-yNZIBtnVECYRHRt0rteyN8JcL-2Vu-UWpes59aUsP7ybWMymsSAz0g&amp;__tn__=*NK-R\">#DAC<\/a>.<\/div>\n<div dir=\"auto\" style=\"text-align: justify;\">Con el objeto de afinar los \u00faltimos detalles para la inauguraci\u00f3n del Diplomado denominado: \u201cLiderazgo Comunitario Fortalecido y Comprometido en la prevenci\u00f3n de la Violencia\u201d que se estar\u00e1 aperturando el d\u00eda lunes 20 de junio del presente a\u00f1o.<\/div>\n<div dir=\"auto\"><\/div>\n<div dir=\"auto\"><\/div>\n<div dir=\"auto\">\n<div><\/div>\n<\/div>\n<p>&nbsp;<\/p>\n","protected":false},"excerpt":{"rendered":"<p>El Dr. Fernando Klarck, Gobernador Departamental, dirigi\u00f3 mesa t\u00e9cnica permanente con representantes de Instituciones gubernamentales siguientes; #MP, #SVET, #SEPREM, #CUNOR\/USAC, #UPCV y #DAC. Con el objeto de afinar los \u00faltimos detalles para la inauguraci\u00f3n del Diplomado denominado: \u201cLiderazgo Comunitario Fortalecido y Comprometido en la prevenci\u00f3n de la Violencia\u201d que se estar\u00e1 aperturando el d\u00eda lunes [&hellip;]<\/p>\n","protected":false},"author":1,"featured_media":13037,"comment_status":"closed","ping_status":"open","sticky":false,"template":"","format":"gallery","meta":[],"categories":[194],"tags":[178],"_links":{"self":[{"href":"https:\/\/gobernacionaltaverapaz.gob.gt\/index.php?rest_route=\/wp\/v2\/posts\/13040"}],"collection":[{"href":"https:\/\/gobernacionaltaverapaz.gob.gt\/index.php?rest_route=\/wp\/v2\/posts"}],"about":[{"href":"https:\/\/gobernacionaltaverapaz.gob.gt\/index.php?rest_route=\/wp\/v2\/types\/post"}],"author":[{"embeddable":true,"href":"https:\/\/gobernacionaltaverapaz.gob.gt\/index.php?rest_route=\/wp\/v2\/users\/1"}],"replies":[{"embeddable":true,"href":"https:\/\/gobernacionaltaverapaz.gob.gt\/index.php?rest_route=%2Fwp%2Fv2%2Fcomments&post=13040"}],"version-history":[{"count":1,"href":"https:\/\/gobernacionaltaverapaz.gob.gt\/index.php?rest_route=\/wp\/v2\/posts\/13040\/revisions"}],"predecessor-version":[{"id":13041,"href":"https:\/\/gobernacionaltaverapaz.gob.gt\/index.php?rest_route=\/wp\/v2\/posts\/13040\/revisions\/13041"}],"wp:featuredmedia":[{"embeddable":true,"href":"https:\/\/gobernacionaltaverapaz.gob.gt\/index.php?rest_route=\/wp\/v2\/media\/13037"}],"wp:attachment":[{"href":"https:\/\/gobernacionaltaverapaz.gob.gt\/index.php?rest_route=%2Fwp%2Fv2%2Fmedia&parent=13040"}],"wp:term":[{"taxonomy":"category","embeddable":true,"href":"https:\/\/gobernacionaltaverapaz.gob.gt\/index.php?rest_route=%2Fwp%2Fv2%2Fcategories&post=13040"},{"taxonomy":"post_tag","embeddable":true,"href":"https:\/\/gobernacionaltaverapaz.gob.gt\/index.php?rest_route=%2Fwp%2Fv2%2Ftags&post=13040"}],"curies":[{"name":"wp","href":"https:\/\/api.w.org\/{rel}","templated":true}]}}