{"id":13047,"date":"2022-06-17T17:11:01","date_gmt":"2022-06-17T23:11:01","guid":{"rendered":"https:\/\/gobernacionaltaverapaz.gob.gt\/?p=13047"},"modified":"2022-06-27T17:19:37","modified_gmt":"2022-06-27T23:19:37","slug":"reunin-virtual-informativa-con-autoridades-del-nivel-central-del-sistema-conred","status":"publish","type":"post","link":"https:\/\/gobernacionaltaverapaz.gob.gt\/?p=13047","title":{"rendered":"Reuni\u00f3n virtual informativa con autoridades del nivel central del sistema CONRED"},"content":{"rendered":"<p style=\"text-align: justify;\"><span class=\"d2edcug0 hpfvmrgz qv66sw1b c1et5uql lr9zc1uh a8c37x1j fe6kdd0r mau55g9w c8b282yb keod5gw0 nxhoafnm aigsh9s9 d3f4x2em iv3no6db jq4qci2q a3bd9o3v b1v8xokw oo9gr5id hzawbc8m\" dir=\"auto\">El Dr. FERNANDO KLARCK, Gobernador Departamental, particip\u00f3 en reuni\u00f3n virtual informativa con autoridades del nivel central del sistema <a class=\"oajrlxb2 g5ia77u1 qu0x051f esr5mh6w e9989ue4 r7d6kgcz rq0escxv nhd2j8a9 nc684nl6 p7hjln8o kvgmc6g5 cxmmr5t8 oygrvhab hcukyx3x jb3vyjys rz4wbd8a qt6c0cv9 a8nywdso i1ao9s8h esuyzwwr f1sip0of lzcic4wl gpro0wi8 q66pz984 b1v8xokw\" tabindex=\"0\" role=\"link\" href=\"https:\/\/www.facebook.com\/hashtag\/conred?__eep__=6&amp;__cft__[0]=AZUs0EDhHIgRyQ5gpvR6yR5IRUjb5CJAgnJnjkyOR6BzTCWy6TsVRX4yHQFDjEGobe3yM-k__XoFKogy7TnUbuNy1Jgw2sJRKhvT-XAJhNWmHgcPUz3yfXbLyXHFGF88AE0bo1ljyLqT9SRbukg4d6XYcVY43YYRmHsLAOJqgw1WrQ&amp;__tn__=*NK-R\">#CONRED<\/a>, con el objeto de explicar la situaci\u00f3n actual en referencia a la tormenta tropical &#8220;Celia&#8221;, en el oc\u00e9ano pac\u00edfico y Onda del Este en el Oc\u00e9ano atl\u00e1ntico, que afectar\u00e1 el territorio Nacional en los pr\u00f3ximos D\u00edas.<\/span><\/p>\n<p>&nbsp;<\/p>\n<div><\/div>\n","protected":false},"excerpt":{"rendered":"<p>El Dr. FERNANDO KLARCK, Gobernador Departamental, particip\u00f3 en reuni\u00f3n virtual informativa con autoridades del nivel central del sistema #CONRED, con el objeto de explicar la situaci\u00f3n actual en referencia a la tormenta tropical &#8220;Celia&#8221;, en el oc\u00e9ano pac\u00edfico y Onda del Este en el Oc\u00e9ano atl\u00e1ntico, que afectar\u00e1 el territorio Nacional en los pr\u00f3ximos D\u00edas. [&hellip;]<\/p>\n","protected":false},"author":1,"featured_media":13042,"comment_status":"closed","ping_status":"open","sticky":false,"template":"","format":"gallery","meta":[],"categories":[194],"tags":[178],"_links":{"self":[{"href":"https:\/\/gobernacionaltaverapaz.gob.gt\/index.php?rest_route=\/wp\/v2\/posts\/13047"}],"collection":[{"href":"https:\/\/gobernacionaltaverapaz.gob.gt\/index.php?rest_route=\/wp\/v2\/posts"}],"about":[{"href":"https:\/\/gobernacionaltaverapaz.gob.gt\/index.php?rest_route=\/wp\/v2\/types\/post"}],"author":[{"embeddable":true,"href":"https:\/\/gobernacionaltaverapaz.gob.gt\/index.php?rest_route=\/wp\/v2\/users\/1"}],"replies":[{"embeddable":true,"href":"https:\/\/gobernacionaltaverapaz.gob.gt\/index.php?rest_route=%2Fwp%2Fv2%2Fcomments&post=13047"}],"version-history":[{"count":1,"href":"https:\/\/gobernacionaltaverapaz.gob.gt\/index.php?rest_route=\/wp\/v2\/posts\/13047\/revisions"}],"predecessor-version":[{"id":13048,"href":"https:\/\/gobernacionaltaverapaz.gob.gt\/index.php?rest_route=\/wp\/v2\/posts\/13047\/revisions\/13048"}],"wp:featuredmedia":[{"embeddable":true,"href":"https:\/\/gobernacionaltaverapaz.gob.gt\/index.php?rest_route=\/wp\/v2\/media\/13042"}],"wp:attachment":[{"href":"https:\/\/gobernacionaltaverapaz.gob.gt\/index.php?rest_route=%2Fwp%2Fv2%2Fmedia&parent=13047"}],"wp:term":[{"taxonomy":"category","embeddable":true,"href":"https:\/\/gobernacionaltaverapaz.gob.gt\/index.php?rest_route=%2Fwp%2Fv2%2Fcategories&post=13047"},{"taxonomy":"post_tag","embeddable":true,"href":"https:\/\/gobernacionaltaverapaz.gob.gt\/index.php?rest_route=%2Fwp%2Fv2%2Ftags&post=13047"}],"curies":[{"name":"wp","href":"https:\/\/api.w.org\/{rel}","templated":true}]}}