{"id":13061,"date":"2022-06-20T16:49:24","date_gmt":"2022-06-20T22:49:24","guid":{"rendered":"https:\/\/gobernacionaltaverapaz.gob.gt\/?p=13061"},"modified":"2022-06-27T17:33:15","modified_gmt":"2022-06-27T23:33:15","slug":"13061","status":"publish","type":"post","link":"https:\/\/gobernacionaltaverapaz.gob.gt\/?p=13061","title":{"rendered":"Inauguraci\u00f3n del el primer Diplomado en la historia del Departamento"},"content":{"rendered":"<div class=\"kvgmc6g5 cxmmr5t8 oygrvhab hcukyx3x c1et5uql ii04i59q\">\n<div dir=\"auto\" style=\"text-align: justify;\">Como muestra del compromiso del Gobierno Central, y como Gobernador de Alta Verapaz, El Dr. Fernando Rodr\u00edguez Klarck, llev\u00f3 a cabo la Inauguraci\u00f3n del el primer Diplomado en la historia del Departamento, denominado; Liderazgo Comunitario Fortalecido y Comprometido en la Prevenci\u00f3n de la Violencia. El cual se impartir\u00e1; En cinco m\u00f3dulos, los cuales tienen como objetivo primordial el abordaje integral del fen\u00f3meno de la violencia contra la Mujer en nuestras Comunidades. Dicha apertura tuvo lugar, en el Sal\u00f3n Municipal de San Pedro Carch\u00e1, y que cont\u00f3 con la presencia de autoridades municipales de: San Agust\u00edn Lanqu\u00edn, Santa Mar\u00eda Cahab\u00f3n, san Juan Chamelco y San Pedro Carch\u00e1, as\u00ed como delegados que integran la Mesa T\u00e9cnica Permanente de Prevenci\u00f3n de la violencia de esta Gobernaci\u00f3n, siendo estos; <a class=\"oajrlxb2 g5ia77u1 qu0x051f esr5mh6w e9989ue4 r7d6kgcz rq0escxv nhd2j8a9 nc684nl6 p7hjln8o kvgmc6g5 cxmmr5t8 oygrvhab hcukyx3x jb3vyjys rz4wbd8a qt6c0cv9 a8nywdso i1ao9s8h esuyzwwr f1sip0of lzcic4wl gpro0wi8 q66pz984 b1v8xokw\" tabindex=\"0\" role=\"link\" href=\"https:\/\/www.facebook.com\/hashtag\/mp?__eep__=6&amp;__cft__[0]=AZUWWFcVhHoi-kbqztfJOkQ9Ux1IWQQfXO-k7WFpTfXzrQowDpM0QO9S95vcIVcDZ9oLq4joVMaVj1bA-gwRMDX-W2OUVKabbO_t46z5bPoaopfQ7lB_71C1qAuirrwvA65GsdDKvgSwMBuOzHclwrwcxRy3GOjN8HYIF95uXLQM3A&amp;__tn__=*NK-R\">#MP<\/a>, <a class=\"oajrlxb2 g5ia77u1 qu0x051f esr5mh6w e9989ue4 r7d6kgcz rq0escxv nhd2j8a9 nc684nl6 p7hjln8o kvgmc6g5 cxmmr5t8 oygrvhab hcukyx3x jb3vyjys rz4wbd8a qt6c0cv9 a8nywdso i1ao9s8h esuyzwwr f1sip0of lzcic4wl gpro0wi8 q66pz984 b1v8xokw\" tabindex=\"0\" role=\"link\" href=\"https:\/\/www.facebook.com\/hashtag\/svet?__eep__=6&amp;__cft__[0]=AZUWWFcVhHoi-kbqztfJOkQ9Ux1IWQQfXO-k7WFpTfXzrQowDpM0QO9S95vcIVcDZ9oLq4joVMaVj1bA-gwRMDX-W2OUVKabbO_t46z5bPoaopfQ7lB_71C1qAuirrwvA65GsdDKvgSwMBuOzHclwrwcxRy3GOjN8HYIF95uXLQM3A&amp;__tn__=*NK-R\">#SVET<\/a>, <a class=\"oajrlxb2 g5ia77u1 qu0x051f esr5mh6w e9989ue4 r7d6kgcz rq0escxv nhd2j8a9 nc684nl6 p7hjln8o kvgmc6g5 cxmmr5t8 oygrvhab hcukyx3x jb3vyjys rz4wbd8a qt6c0cv9 a8nywdso i1ao9s8h esuyzwwr f1sip0of lzcic4wl gpro0wi8 q66pz984 b1v8xokw\" tabindex=\"0\" role=\"link\" href=\"https:\/\/www.facebook.com\/hashtag\/seprem?__eep__=6&amp;__cft__[0]=AZUWWFcVhHoi-kbqztfJOkQ9Ux1IWQQfXO-k7WFpTfXzrQowDpM0QO9S95vcIVcDZ9oLq4joVMaVj1bA-gwRMDX-W2OUVKabbO_t46z5bPoaopfQ7lB_71C1qAuirrwvA65GsdDKvgSwMBuOzHclwrwcxRy3GOjN8HYIF95uXLQM3A&amp;__tn__=*NK-R\">#SEPREM<\/a>, <a class=\"oajrlxb2 g5ia77u1 qu0x051f esr5mh6w e9989ue4 r7d6kgcz rq0escxv nhd2j8a9 nc684nl6 p7hjln8o kvgmc6g5 cxmmr5t8 oygrvhab hcukyx3x jb3vyjys rz4wbd8a qt6c0cv9 a8nywdso i1ao9s8h esuyzwwr f1sip0of lzcic4wl gpro0wi8 q66pz984 b1v8xokw\" tabindex=\"0\" role=\"link\" href=\"https:\/\/www.facebook.com\/hashtag\/upcv?__eep__=6&amp;__cft__[0]=AZUWWFcVhHoi-kbqztfJOkQ9Ux1IWQQfXO-k7WFpTfXzrQowDpM0QO9S95vcIVcDZ9oLq4joVMaVj1bA-gwRMDX-W2OUVKabbO_t46z5bPoaopfQ7lB_71C1qAuirrwvA65GsdDKvgSwMBuOzHclwrwcxRy3GOjN8HYIF95uXLQM3A&amp;__tn__=*NK-R\">#UPCV<\/a>, <a class=\"oajrlxb2 g5ia77u1 qu0x051f esr5mh6w e9989ue4 r7d6kgcz rq0escxv nhd2j8a9 nc684nl6 p7hjln8o kvgmc6g5 cxmmr5t8 oygrvhab hcukyx3x jb3vyjys rz4wbd8a qt6c0cv9 a8nywdso i1ao9s8h esuyzwwr f1sip0of lzcic4wl gpro0wi8 q66pz984 b1v8xokw\" tabindex=\"0\" role=\"link\" href=\"https:\/\/www.facebook.com\/hashtag\/cunor?__eep__=6&amp;__cft__[0]=AZUWWFcVhHoi-kbqztfJOkQ9Ux1IWQQfXO-k7WFpTfXzrQowDpM0QO9S95vcIVcDZ9oLq4joVMaVj1bA-gwRMDX-W2OUVKabbO_t46z5bPoaopfQ7lB_71C1qAuirrwvA65GsdDKvgSwMBuOzHclwrwcxRy3GOjN8HYIF95uXLQM3A&amp;__tn__=*NK-R\">#CUNOR<\/a>\/<a class=\"oajrlxb2 g5ia77u1 qu0x051f esr5mh6w e9989ue4 r7d6kgcz rq0escxv nhd2j8a9 nc684nl6 p7hjln8o kvgmc6g5 cxmmr5t8 oygrvhab hcukyx3x jb3vyjys rz4wbd8a qt6c0cv9 a8nywdso i1ao9s8h esuyzwwr f1sip0of lzcic4wl gpro0wi8 q66pz984 b1v8xokw\" tabindex=\"0\" role=\"link\" href=\"https:\/\/www.facebook.com\/hashtag\/usac?__eep__=6&amp;__cft__[0]=AZUWWFcVhHoi-kbqztfJOkQ9Ux1IWQQfXO-k7WFpTfXzrQowDpM0QO9S95vcIVcDZ9oLq4joVMaVj1bA-gwRMDX-W2OUVKabbO_t46z5bPoaopfQ7lB_71C1qAuirrwvA65GsdDKvgSwMBuOzHclwrwcxRy3GOjN8HYIF95uXLQM3A&amp;__tn__=*NK-R\">#USAC<\/a> y la Direcci\u00f3n de An\u00e1lisis Criminal <a class=\"oajrlxb2 g5ia77u1 qu0x051f esr5mh6w e9989ue4 r7d6kgcz rq0escxv nhd2j8a9 nc684nl6 p7hjln8o kvgmc6g5 cxmmr5t8 oygrvhab hcukyx3x jb3vyjys rz4wbd8a qt6c0cv9 a8nywdso i1ao9s8h esuyzwwr f1sip0of lzcic4wl gpro0wi8 q66pz984 b1v8xokw\" tabindex=\"0\" role=\"link\" href=\"https:\/\/www.facebook.com\/hashtag\/dac?__eep__=6&amp;__cft__[0]=AZUWWFcVhHoi-kbqztfJOkQ9Ux1IWQQfXO-k7WFpTfXzrQowDpM0QO9S95vcIVcDZ9oLq4joVMaVj1bA-gwRMDX-W2OUVKabbO_t46z5bPoaopfQ7lB_71C1qAuirrwvA65GsdDKvgSwMBuOzHclwrwcxRy3GOjN8HYIF95uXLQM3A&amp;__tn__=*NK-R\">#DAC<\/a>.<\/div>\n<\/div>\n<div class=\"cxmmr5t8 oygrvhab hcukyx3x c1et5uql o9v6fnle ii04i59q\">\n<div dir=\"auto\" style=\"text-align: justify;\">Simult\u00e1neamente dio inicio el mencionado diplomado, en los Municipios de: Tucur\u00fa para cubrir el valle del Polochic, Fray Bartolom\u00e9 de las Casas, para los Municipios de la Franja Transversal del Norte, y Santa Cruz Verapaz, para cubrir los Municipios de la regi\u00f3n central.<\/p>\n<\/div>\n<\/div>\n<div dir=\"auto\"><\/div>\n<div dir=\"auto\"><\/div>\n<div dir=\"auto\"><\/div>\n<div dir=\"auto\">\n<div><\/div>\n<\/div>\n<p>&nbsp;<\/p>\n","protected":false},"excerpt":{"rendered":"<p>Como muestra del compromiso del Gobierno Central, y como Gobernador de Alta Verapaz, El Dr. Fernando Rodr\u00edguez Klarck, llev\u00f3 a cabo la Inauguraci\u00f3n del el primer Diplomado en la historia del Departamento, denominado; Liderazgo Comunitario Fortalecido y Comprometido en la Prevenci\u00f3n de la Violencia. El cual se impartir\u00e1; En cinco m\u00f3dulos, los cuales tienen como [&hellip;]<\/p>\n","protected":false},"author":1,"featured_media":13049,"comment_status":"closed","ping_status":"open","sticky":false,"template":"","format":"gallery","meta":[],"categories":[194],"tags":[178],"_links":{"self":[{"href":"https:\/\/gobernacionaltaverapaz.gob.gt\/index.php?rest_route=\/wp\/v2\/posts\/13061"}],"collection":[{"href":"https:\/\/gobernacionaltaverapaz.gob.gt\/index.php?rest_route=\/wp\/v2\/posts"}],"about":[{"href":"https:\/\/gobernacionaltaverapaz.gob.gt\/index.php?rest_route=\/wp\/v2\/types\/post"}],"author":[{"embeddable":true,"href":"https:\/\/gobernacionaltaverapaz.gob.gt\/index.php?rest_route=\/wp\/v2\/users\/1"}],"replies":[{"embeddable":true,"href":"https:\/\/gobernacionaltaverapaz.gob.gt\/index.php?rest_route=%2Fwp%2Fv2%2Fcomments&post=13061"}],"version-history":[{"count":4,"href":"https:\/\/gobernacionaltaverapaz.gob.gt\/index.php?rest_route=\/wp\/v2\/posts\/13061\/revisions"}],"predecessor-version":[{"id":13065,"href":"https:\/\/gobernacionaltaverapaz.gob.gt\/index.php?rest_route=\/wp\/v2\/posts\/13061\/revisions\/13065"}],"wp:featuredmedia":[{"embeddable":true,"href":"https:\/\/gobernacionaltaverapaz.gob.gt\/index.php?rest_route=\/wp\/v2\/media\/13049"}],"wp:attachment":[{"href":"https:\/\/gobernacionaltaverapaz.gob.gt\/index.php?rest_route=%2Fwp%2Fv2%2Fmedia&parent=13061"}],"wp:term":[{"taxonomy":"category","embeddable":true,"href":"https:\/\/gobernacionaltaverapaz.gob.gt\/index.php?rest_route=%2Fwp%2Fv2%2Fcategories&post=13061"},{"taxonomy":"post_tag","embeddable":true,"href":"https:\/\/gobernacionaltaverapaz.gob.gt\/index.php?rest_route=%2Fwp%2Fv2%2Ftags&post=13061"}],"curies":[{"name":"wp","href":"https:\/\/api.w.org\/{rel}","templated":true}]}}