{"id":13066,"date":"2022-06-21T08:39:40","date_gmt":"2022-06-21T14:39:40","guid":{"rendered":"https:\/\/gobernacionaltaverapaz.gob.gt\/?p=13066"},"modified":"2022-06-27T17:37:11","modified_gmt":"2022-06-27T23:37:11","slug":"mes-del-medio-ambiente","status":"publish","type":"post","link":"https:\/\/gobernacionaltaverapaz.gob.gt\/?p=13066","title":{"rendered":"Mes Del Medio Ambiente"},"content":{"rendered":"<p style=\"text-align: justify;\"><span class=\"d2edcug0 hpfvmrgz qv66sw1b c1et5uql lr9zc1uh a8c37x1j fe6kdd0r mau55g9w c8b282yb keod5gw0 nxhoafnm aigsh9s9 d3f4x2em iv3no6db jq4qci2q a3bd9o3v b1v8xokw oo9gr5id hzawbc8m\" dir=\"auto\">La Delegaci\u00f3n Departamental del <a class=\"oajrlxb2 g5ia77u1 qu0x051f esr5mh6w e9989ue4 r7d6kgcz rq0escxv nhd2j8a9 nc684nl6 p7hjln8o kvgmc6g5 cxmmr5t8 oygrvhab hcukyx3x jb3vyjys rz4wbd8a qt6c0cv9 a8nywdso i1ao9s8h esuyzwwr f1sip0of lzcic4wl gpro0wi8 q66pz984 b1v8xokw\" tabindex=\"0\" role=\"link\" href=\"https:\/\/www.facebook.com\/hashtag\/marn?__eep__=6&amp;__cft__[0]=AZWDUCXUUR-wMshQKkwSHVoV2sFhgTElTMtWjm5wH7x3SSt9ZPVAvCMELRNDrK5hpWAClAd-XLVXrBsoxsaxAPBRnmGtZVLQ6gd_fNgrawBrPpq4222crFDhem3EepmVnbi978jOQsX6buBB2VTqrg4QY0qeoizEqk1kwna13oLlfQ&amp;__tn__=*NK-R\">#MARN<\/a> de Alta Verapaz, en el marco del <a class=\"oajrlxb2 g5ia77u1 qu0x051f esr5mh6w e9989ue4 r7d6kgcz rq0escxv nhd2j8a9 nc684nl6 p7hjln8o kvgmc6g5 cxmmr5t8 oygrvhab hcukyx3x jb3vyjys rz4wbd8a qt6c0cv9 a8nywdso i1ao9s8h esuyzwwr f1sip0of lzcic4wl gpro0wi8 q66pz984 b1v8xokw\" tabindex=\"0\" role=\"link\" href=\"https:\/\/www.facebook.com\/hashtag\/mesdelmedioambiente?__eep__=6&amp;__cft__[0]=AZWDUCXUUR-wMshQKkwSHVoV2sFhgTElTMtWjm5wH7x3SSt9ZPVAvCMELRNDrK5hpWAClAd-XLVXrBsoxsaxAPBRnmGtZVLQ6gd_fNgrawBrPpq4222crFDhem3EepmVnbi978jOQsX6buBB2VTqrg4QY0qeoizEqk1kwna13oLlfQ&amp;__tn__=*NK-R\">#MesDelMedioAmbiente<\/a> realiz\u00f3 actividades de formaci\u00f3n sobre Ambiente a estudiantes, culminando as\u00ed el Programa de Guardianes Ecol\u00f3gicos en Aldea Chirrexquim, San Pedro Carcha A.V. <\/span><\/p>\n<p>&nbsp;<\/p>\n<p><img decoding=\"async\" loading=\"lazy\" class=\"alignnone size-full wp-image-13067\" src=\"https:\/\/gobernacionaltaverapaz.gob.gt\/wp-content\/uploads\/2022\/06\/01-30.jpg\" alt=\"\" width=\"900\" height=\"600\" srcset=\"https:\/\/gobernacionaltaverapaz.gob.gt\/wp-content\/uploads\/2022\/06\/01-30.jpg 900w, https:\/\/gobernacionaltaverapaz.gob.gt\/wp-content\/uploads\/2022\/06\/01-30-300x200.jpg 300w, https:\/\/gobernacionaltaverapaz.gob.gt\/wp-content\/uploads\/2022\/06\/01-30-768x512.jpg 768w\" sizes=\"(max-width: 900px) 100vw, 900px\" \/><\/p>\n","protected":false},"excerpt":{"rendered":"<p>La Delegaci\u00f3n Departamental del #MARN de Alta Verapaz, en el marco del #MesDelMedioAmbiente realiz\u00f3 actividades de formaci\u00f3n sobre Ambiente a estudiantes, culminando as\u00ed el Programa de Guardianes Ecol\u00f3gicos en Aldea Chirrexquim, San Pedro Carcha A.V. &nbsp;<\/p>\n","protected":false},"author":1,"featured_media":13068,"comment_status":"closed","ping_status":"open","sticky":false,"template":"","format":"gallery","meta":[],"categories":[194],"tags":[178],"_links":{"self":[{"href":"https:\/\/gobernacionaltaverapaz.gob.gt\/index.php?rest_route=\/wp\/v2\/posts\/13066"}],"collection":[{"href":"https:\/\/gobernacionaltaverapaz.gob.gt\/index.php?rest_route=\/wp\/v2\/posts"}],"about":[{"href":"https:\/\/gobernacionaltaverapaz.gob.gt\/index.php?rest_route=\/wp\/v2\/types\/post"}],"author":[{"embeddable":true,"href":"https:\/\/gobernacionaltaverapaz.gob.gt\/index.php?rest_route=\/wp\/v2\/users\/1"}],"replies":[{"embeddable":true,"href":"https:\/\/gobernacionaltaverapaz.gob.gt\/index.php?rest_route=%2Fwp%2Fv2%2Fcomments&post=13066"}],"version-history":[{"count":1,"href":"https:\/\/gobernacionaltaverapaz.gob.gt\/index.php?rest_route=\/wp\/v2\/posts\/13066\/revisions"}],"predecessor-version":[{"id":13069,"href":"https:\/\/gobernacionaltaverapaz.gob.gt\/index.php?rest_route=\/wp\/v2\/posts\/13066\/revisions\/13069"}],"wp:featuredmedia":[{"embeddable":true,"href":"https:\/\/gobernacionaltaverapaz.gob.gt\/index.php?rest_route=\/wp\/v2\/media\/13068"}],"wp:attachment":[{"href":"https:\/\/gobernacionaltaverapaz.gob.gt\/index.php?rest_route=%2Fwp%2Fv2%2Fmedia&parent=13066"}],"wp:term":[{"taxonomy":"category","embeddable":true,"href":"https:\/\/gobernacionaltaverapaz.gob.gt\/index.php?rest_route=%2Fwp%2Fv2%2Fcategories&post=13066"},{"taxonomy":"post_tag","embeddable":true,"href":"https:\/\/gobernacionaltaverapaz.gob.gt\/index.php?rest_route=%2Fwp%2Fv2%2Ftags&post=13066"}],"curies":[{"name":"wp","href":"https:\/\/api.w.org\/{rel}","templated":true}]}}