{"id":13070,"date":"2022-06-21T08:46:31","date_gmt":"2022-06-21T14:46:31","guid":{"rendered":"https:\/\/gobernacionaltaverapaz.gob.gt\/?p=13070"},"modified":"2022-06-28T08:59:46","modified_gmt":"2022-06-28T14:59:46","slug":"personal-de-comred-brinda-acompaamiento-en-la-logstica-de-la-entrega-de-ayuda-humanitaria","status":"publish","type":"post","link":"https:\/\/gobernacionaltaverapaz.gob.gt\/?p=13070","title":{"rendered":"Personal de COMRED brinda acompa\u00f1amiento en la log\u00edstica de la entrega de ayuda humanitaria"},"content":{"rendered":"<div dir=\"auto\" style=\"text-align: justify;\">La Secretar\u00eda Ejecutiva de la Coordinadora Nacional para la Reducci\u00f3n de Desastres <a class=\"oajrlxb2 g5ia77u1 qu0x051f esr5mh6w e9989ue4 r7d6kgcz rq0escxv nhd2j8a9 nc684nl6 p7hjln8o kvgmc6g5 cxmmr5t8 oygrvhab hcukyx3x jb3vyjys rz4wbd8a qt6c0cv9 a8nywdso i1ao9s8h esuyzwwr f1sip0of lzcic4wl gpro0wi8 q66pz984 b1v8xokw\" tabindex=\"0\" role=\"link\" href=\"https:\/\/www.facebook.com\/hashtag\/seconred?__eep__=6&amp;__cft__[0]=AZVU-5XOLtxjHmyHhD3XeGPPTK6-MVKXDNzMZROjVBJaccb0ZZwja_K5LQbLiEfnRXJfh6Ygra8mbsYNjzgh2ObtrD8gc5yDxeXq5d0vXSZrKwzJr0lu6wbUZqfrlpxdCaEkMQhAMBFf5YWay5ng0nFaSjBXV88TStmBUNPU8ClhCw&amp;__tn__=*NK-R\">#SECONRED<\/a>, realiz\u00f3 entrega de ayuda humanitaria a 4 familias afectada por las fuertes lluvias suscitadas el d\u00eda de ayer lunes 20\/06\/2022, las cuales causaron da\u00f1os moderados a sus viviendas, \u00e9stas fueron ubicadas en aldea Panhorna, aldea Concepci\u00f3n de Mar\u00eda y Barrio el Recreo de Tamah\u00fa, A.V.<\/div>\n<div dir=\"auto\" style=\"text-align: justify;\">Personal de <a class=\"oajrlxb2 g5ia77u1 qu0x051f esr5mh6w e9989ue4 r7d6kgcz rq0escxv nhd2j8a9 nc684nl6 p7hjln8o kvgmc6g5 cxmmr5t8 oygrvhab hcukyx3x jb3vyjys rz4wbd8a qt6c0cv9 a8nywdso i1ao9s8h esuyzwwr f1sip0of lzcic4wl gpro0wi8 q66pz984 b1v8xokw\" tabindex=\"0\" role=\"link\" href=\"https:\/\/www.facebook.com\/hashtag\/comred?__eep__=6&amp;__cft__[0]=AZVU-5XOLtxjHmyHhD3XeGPPTK6-MVKXDNzMZROjVBJaccb0ZZwja_K5LQbLiEfnRXJfh6Ygra8mbsYNjzgh2ObtrD8gc5yDxeXq5d0vXSZrKwzJr0lu6wbUZqfrlpxdCaEkMQhAMBFf5YWay5ng0nFaSjBXV88TStmBUNPU8ClhCw&amp;__tn__=*NK-R\">#COMRED<\/a> brinda acompa\u00f1amiento en la log\u00edstica de la entrega de ayuda humanitaria y entrega los recursos a los afectados los cuales consisten en: 04 raciones familiares, 200 bolsas de agua pura de 350 ml, 04 kit de cocina, 04 kit de higiene familiar y 96 unidades de incaparina tetra pack.<\/div>\n<div dir=\"auto\"><\/div>\n<div dir=\"auto\"><img decoding=\"async\" loading=\"lazy\" class=\"alignnone size-full wp-image-13071\" src=\"https:\/\/gobernacionaltaverapaz.gob.gt\/wp-content\/uploads\/2022\/06\/01-31.jpg\" alt=\"\" width=\"900\" height=\"600\" srcset=\"https:\/\/gobernacionaltaverapaz.gob.gt\/wp-content\/uploads\/2022\/06\/01-31.jpg 900w, https:\/\/gobernacionaltaverapaz.gob.gt\/wp-content\/uploads\/2022\/06\/01-31-300x200.jpg 300w, https:\/\/gobernacionaltaverapaz.gob.gt\/wp-content\/uploads\/2022\/06\/01-31-768x512.jpg 768w\" sizes=\"(max-width: 900px) 100vw, 900px\" \/><\/div>\n<p>&nbsp;<\/p>\n","protected":false},"excerpt":{"rendered":"<p>La Secretar\u00eda Ejecutiva de la Coordinadora Nacional para la Reducci\u00f3n de Desastres #SECONRED, realiz\u00f3 entrega de ayuda humanitaria a 4 familias afectada por las fuertes lluvias suscitadas el d\u00eda de ayer lunes 20\/06\/2022, las cuales causaron da\u00f1os moderados a sus viviendas, \u00e9stas fueron ubicadas en aldea Panhorna, aldea Concepci\u00f3n de Mar\u00eda y Barrio el Recreo [&hellip;]<\/p>\n","protected":false},"author":1,"featured_media":13073,"comment_status":"closed","ping_status":"open","sticky":false,"template":"","format":"standard","meta":[],"categories":[182],"tags":[178],"_links":{"self":[{"href":"https:\/\/gobernacionaltaverapaz.gob.gt\/index.php?rest_route=\/wp\/v2\/posts\/13070"}],"collection":[{"href":"https:\/\/gobernacionaltaverapaz.gob.gt\/index.php?rest_route=\/wp\/v2\/posts"}],"about":[{"href":"https:\/\/gobernacionaltaverapaz.gob.gt\/index.php?rest_route=\/wp\/v2\/types\/post"}],"author":[{"embeddable":true,"href":"https:\/\/gobernacionaltaverapaz.gob.gt\/index.php?rest_route=\/wp\/v2\/users\/1"}],"replies":[{"embeddable":true,"href":"https:\/\/gobernacionaltaverapaz.gob.gt\/index.php?rest_route=%2Fwp%2Fv2%2Fcomments&post=13070"}],"version-history":[{"count":1,"href":"https:\/\/gobernacionaltaverapaz.gob.gt\/index.php?rest_route=\/wp\/v2\/posts\/13070\/revisions"}],"predecessor-version":[{"id":13074,"href":"https:\/\/gobernacionaltaverapaz.gob.gt\/index.php?rest_route=\/wp\/v2\/posts\/13070\/revisions\/13074"}],"wp:featuredmedia":[{"embeddable":true,"href":"https:\/\/gobernacionaltaverapaz.gob.gt\/index.php?rest_route=\/wp\/v2\/media\/13073"}],"wp:attachment":[{"href":"https:\/\/gobernacionaltaverapaz.gob.gt\/index.php?rest_route=%2Fwp%2Fv2%2Fmedia&parent=13070"}],"wp:term":[{"taxonomy":"category","embeddable":true,"href":"https:\/\/gobernacionaltaverapaz.gob.gt\/index.php?rest_route=%2Fwp%2Fv2%2Fcategories&post=13070"},{"taxonomy":"post_tag","embeddable":true,"href":"https:\/\/gobernacionaltaverapaz.gob.gt\/index.php?rest_route=%2Fwp%2Fv2%2Ftags&post=13070"}],"curies":[{"name":"wp","href":"https:\/\/api.w.org\/{rel}","templated":true}]}}