{"id":13079,"date":"2022-06-21T09:21:36","date_gmt":"2022-06-21T15:21:36","guid":{"rendered":"https:\/\/gobernacionaltaverapaz.gob.gt\/?p=13079"},"modified":"2022-06-28T09:06:34","modified_gmt":"2022-06-28T15:06:34","slug":"jornada-de-limpieza-con-el-grupo-ambientalista","status":"publish","type":"post","link":"https:\/\/gobernacionaltaverapaz.gob.gt\/?p=13079","title":{"rendered":"Jornada de limpieza con el Grupo Ambientalista"},"content":{"rendered":"<p style=\"text-align: justify;\"><span class=\"d2edcug0 hpfvmrgz qv66sw1b c1et5uql lr9zc1uh a8c37x1j fe6kdd0r mau55g9w c8b282yb keod5gw0 nxhoafnm aigsh9s9 d3f4x2em iv3no6db jq4qci2q a3bd9o3v b1v8xokw oo9gr5id hzawbc8m\" dir=\"auto\">La Delegaci\u00f3n Departamental del <a class=\"oajrlxb2 g5ia77u1 qu0x051f esr5mh6w e9989ue4 r7d6kgcz rq0escxv nhd2j8a9 nc684nl6 p7hjln8o kvgmc6g5 cxmmr5t8 oygrvhab hcukyx3x jb3vyjys rz4wbd8a qt6c0cv9 a8nywdso i1ao9s8h esuyzwwr f1sip0of lzcic4wl gpro0wi8 q66pz984 b1v8xokw\" tabindex=\"0\" role=\"link\" href=\"https:\/\/www.facebook.com\/hashtag\/marn?__eep__=6&amp;__cft__[0]=AZWQfD7Vp28gKSnIY5Y0NWYWe5ALv3SwtrmSslvnEAiO4cam6bkwZ05AvlUyOdUrhpdhwia5cmWqprfKbAXTM7g4vfLaYK_4b9JuWi9vnd7kptRur7iu1XRcfTpVO3queSEozUr0RZiGeVlVx7AiJg5GQcMp9g3B7rC8s6dAYSvZcA&amp;__tn__=*NK-R\">#MARN<\/a> de Alta Verapaz en el marco del <a class=\"oajrlxb2 g5ia77u1 qu0x051f esr5mh6w e9989ue4 r7d6kgcz rq0escxv nhd2j8a9 nc684nl6 p7hjln8o kvgmc6g5 cxmmr5t8 oygrvhab hcukyx3x jb3vyjys rz4wbd8a qt6c0cv9 a8nywdso i1ao9s8h esuyzwwr f1sip0of lzcic4wl gpro0wi8 q66pz984 b1v8xokw\" tabindex=\"0\" role=\"link\" href=\"https:\/\/www.facebook.com\/hashtag\/mesdelmedioambientee?__eep__=6&amp;__cft__[0]=AZWQfD7Vp28gKSnIY5Y0NWYWe5ALv3SwtrmSslvnEAiO4cam6bkwZ05AvlUyOdUrhpdhwia5cmWqprfKbAXTM7g4vfLaYK_4b9JuWi9vnd7kptRur7iu1XRcfTpVO3queSEozUr0RZiGeVlVx7AiJg5GQcMp9g3B7rC8s6dAYSvZcA&amp;__tn__=*NK-R\">#MesDelMedioAmbientee<\/a> realiz\u00f3 Jornada de limpieza con el Grupo Ambientalista Kaj Koj y observatorio Ciudadano en el municipio de San Crist\u00f3bal, Alta Verapaz. <\/span><\/p>\n<p>&nbsp;<\/p>\n<div><\/div>\n","protected":false},"excerpt":{"rendered":"<p>La Delegaci\u00f3n Departamental del #MARN de Alta Verapaz en el marco del #MesDelMedioAmbientee realiz\u00f3 Jornada de limpieza con el Grupo Ambientalista Kaj Koj y observatorio Ciudadano en el municipio de San Crist\u00f3bal, Alta Verapaz. &nbsp;<\/p>\n","protected":false},"author":1,"featured_media":13075,"comment_status":"closed","ping_status":"open","sticky":false,"template":"","format":"gallery","meta":[],"categories":[6],"tags":[178],"_links":{"self":[{"href":"https:\/\/gobernacionaltaverapaz.gob.gt\/index.php?rest_route=\/wp\/v2\/posts\/13079"}],"collection":[{"href":"https:\/\/gobernacionaltaverapaz.gob.gt\/index.php?rest_route=\/wp\/v2\/posts"}],"about":[{"href":"https:\/\/gobernacionaltaverapaz.gob.gt\/index.php?rest_route=\/wp\/v2\/types\/post"}],"author":[{"embeddable":true,"href":"https:\/\/gobernacionaltaverapaz.gob.gt\/index.php?rest_route=\/wp\/v2\/users\/1"}],"replies":[{"embeddable":true,"href":"https:\/\/gobernacionaltaverapaz.gob.gt\/index.php?rest_route=%2Fwp%2Fv2%2Fcomments&post=13079"}],"version-history":[{"count":1,"href":"https:\/\/gobernacionaltaverapaz.gob.gt\/index.php?rest_route=\/wp\/v2\/posts\/13079\/revisions"}],"predecessor-version":[{"id":13080,"href":"https:\/\/gobernacionaltaverapaz.gob.gt\/index.php?rest_route=\/wp\/v2\/posts\/13079\/revisions\/13080"}],"wp:featuredmedia":[{"embeddable":true,"href":"https:\/\/gobernacionaltaverapaz.gob.gt\/index.php?rest_route=\/wp\/v2\/media\/13075"}],"wp:attachment":[{"href":"https:\/\/gobernacionaltaverapaz.gob.gt\/index.php?rest_route=%2Fwp%2Fv2%2Fmedia&parent=13079"}],"wp:term":[{"taxonomy":"category","embeddable":true,"href":"https:\/\/gobernacionaltaverapaz.gob.gt\/index.php?rest_route=%2Fwp%2Fv2%2Fcategories&post=13079"},{"taxonomy":"post_tag","embeddable":true,"href":"https:\/\/gobernacionaltaverapaz.gob.gt\/index.php?rest_route=%2Fwp%2Fv2%2Ftags&post=13079"}],"curies":[{"name":"wp","href":"https:\/\/api.w.org\/{rel}","templated":true}]}}