{"id":13084,"date":"2022-06-21T09:35:24","date_gmt":"2022-06-21T15:35:24","guid":{"rendered":"https:\/\/gobernacionaltaverapaz.gob.gt\/?p=13084"},"modified":"2022-06-28T09:16:43","modified_gmt":"2022-06-28T15:16:43","slug":"capacitaciones-sobre-cambio-climtico","status":"publish","type":"post","link":"https:\/\/gobernacionaltaverapaz.gob.gt\/?p=13084","title":{"rendered":"Capacitaciones sobre Cambio Clim\u00e1tico"},"content":{"rendered":"<div class=\"\" dir=\"auto\">\n<div id=\"jsc_c_dt0\" class=\"ecm0bbzt hv4rvrfc ihqw7lf3 dati1w0a\" data-ad-comet-preview=\"message\" data-ad-preview=\"message\">\n<div class=\"j83agx80 cbu4d94t ew0dbk1b irj2b8pg\">\n<div class=\"qzhwtbm6 knvmm38d\">\n<div class=\"kvgmc6g5 cxmmr5t8 oygrvhab hcukyx3x c1et5uql ii04i59q\">\n<div dir=\"auto\" style=\"text-align: justify;\"><a class=\"oajrlxb2 g5ia77u1 qu0x051f esr5mh6w e9989ue4 r7d6kgcz rq0escxv nhd2j8a9 nc684nl6 p7hjln8o kvgmc6g5 cxmmr5t8 oygrvhab hcukyx3x jb3vyjys rz4wbd8a qt6c0cv9 a8nywdso i1ao9s8h esuyzwwr f1sip0of lzcic4wl gpro0wi8 q66pz984 b1v8xokw\" tabindex=\"0\" role=\"link\" href=\"https:\/\/www.facebook.com\/hashtag\/marn?__eep__=6&amp;__cft__[0]=AZWu5LbINutZBjKx_frb5yo8YQmx2rg6u4wDmsH-gWCFmIQUziBe13oj3zT-_drHLk3gFMhL62AA0wXc4mKKHTjbyTZ1ewDCSxD4mAAi3X9ibuotF5bC4Dn1cGReFuQhqzWXbUyxqnOi2QwOMiibLJFNtVViWBsODgQCu61-Nt_4DA&amp;__tn__=*NK-R\">#MARN<\/a> La Delegaci\u00f3n Departamental del Ministerio de Ambiente y Recursos Naturales de Alta Verapaz en el marco del <a class=\"oajrlxb2 g5ia77u1 qu0x051f esr5mh6w e9989ue4 r7d6kgcz rq0escxv nhd2j8a9 nc684nl6 p7hjln8o kvgmc6g5 cxmmr5t8 oygrvhab hcukyx3x jb3vyjys rz4wbd8a qt6c0cv9 a8nywdso i1ao9s8h esuyzwwr f1sip0of lzcic4wl gpro0wi8 q66pz984 b1v8xokw\" tabindex=\"0\" role=\"link\" href=\"https:\/\/www.facebook.com\/hashtag\/mesdelmedioambientee?__eep__=6&amp;__cft__[0]=AZWu5LbINutZBjKx_frb5yo8YQmx2rg6u4wDmsH-gWCFmIQUziBe13oj3zT-_drHLk3gFMhL62AA0wXc4mKKHTjbyTZ1ewDCSxD4mAAi3X9ibuotF5bC4Dn1cGReFuQhqzWXbUyxqnOi2QwOMiibLJFNtVViWBsODgQCu61-Nt_4DA&amp;__tn__=*NK-R\">#mesdelmedioambientee<\/a> realiz\u00f3, capacitaciones sobre Cambio Clim\u00e1tico a Jovenes del Instituto T\u00e9cnico en Recursos Naturales en el municipio de San Juan Chamelco, Alta Verapaz. <a class=\"oajrlxb2 g5ia77u1 qu0x051f esr5mh6w e9989ue4 r7d6kgcz rq0escxv nhd2j8a9 nc684nl6 p7hjln8o kvgmc6g5 cxmmr5t8 oygrvhab hcukyx3x jb3vyjys rz4wbd8a qt6c0cv9 a8nywdso i1ao9s8h esuyzwwr f1sip0of lzcic4wl gpro0wi8 q66pz984 b1v8xokw\" tabindex=\"0\" role=\"link\" href=\"https:\/\/www.facebook.com\/hashtag\/yohagomiparte?__eep__=6&amp;__cft__[0]=AZWu5LbINutZBjKx_frb5yo8YQmx2rg6u4wDmsH-gWCFmIQUziBe13oj3zT-_drHLk3gFMhL62AA0wXc4mKKHTjbyTZ1ewDCSxD4mAAi3X9ibuotF5bC4Dn1cGReFuQhqzWXbUyxqnOi2QwOMiibLJFNtVViWBsODgQCu61-Nt_4DA&amp;__tn__=*NK-R\">#YoHagoMiParte<\/a><\/div>\n<div dir=\"auto\" style=\"text-align: justify;\"><a class=\"oajrlxb2 g5ia77u1 qu0x051f esr5mh6w e9989ue4 r7d6kgcz rq0escxv nhd2j8a9 nc684nl6 p7hjln8o kvgmc6g5 cxmmr5t8 oygrvhab hcukyx3x jb3vyjys rz4wbd8a qt6c0cv9 a8nywdso i1ao9s8h esuyzwwr f1sip0of lzcic4wl gpro0wi8 q66pz984 b1v8xokw\" tabindex=\"0\" role=\"link\" href=\"https:\/\/www.facebook.com\/hashtag\/juntosvamosporm%C3%A1s?__eep__=6&amp;__cft__[0]=AZWu5LbINutZBjKx_frb5yo8YQmx2rg6u4wDmsH-gWCFmIQUziBe13oj3zT-_drHLk3gFMhL62AA0wXc4mKKHTjbyTZ1ewDCSxD4mAAi3X9ibuotF5bC4Dn1cGReFuQhqzWXbUyxqnOi2QwOMiibLJFNtVViWBsODgQCu61-Nt_4DA&amp;__tn__=*NK-R\">#JuntosVamosPorM\u00e1s<\/a><a class=\"oajrlxb2 g5ia77u1 qu0x051f esr5mh6w e9989ue4 r7d6kgcz rq0escxv nhd2j8a9 nc684nl6 p7hjln8o kvgmc6g5 cxmmr5t8 oygrvhab hcukyx3x jb3vyjys rz4wbd8a qt6c0cv9 a8nywdso i1ao9s8h esuyzwwr f1sip0of lzcic4wl gpro0wi8 q66pz984 b1v8xokw\" tabindex=\"0\" role=\"link\" href=\"https:\/\/www.facebook.com\/hashtag\/ela%C3%B1odeloslogros?__eep__=6&amp;__cft__[0]=AZWu5LbINutZBjKx_frb5yo8YQmx2rg6u4wDmsH-gWCFmIQUziBe13oj3zT-_drHLk3gFMhL62AA0wXc4mKKHTjbyTZ1ewDCSxD4mAAi3X9ibuotF5bC4Dn1cGReFuQhqzWXbUyxqnOi2QwOMiibLJFNtVViWBsODgQCu61-Nt_4DA&amp;__tn__=*NK-R\">#ElA\u00f1oDeLosLogros<\/a><\/div>\n<\/div>\n<\/div>\n<\/div>\n<\/div>\n<\/div>\n<div dir=\"auto\"><\/div>\n<div dir=\"auto\"><\/div>\n<div dir=\"auto\">\n<div><\/div>\n<\/div>\n","protected":false},"excerpt":{"rendered":"<p>#MARN La Delegaci\u00f3n Departamental del Ministerio de Ambiente y Recursos Naturales de Alta Verapaz en el marco del #mesdelmedioambientee realiz\u00f3, capacitaciones sobre Cambio Clim\u00e1tico a Jovenes del Instituto T\u00e9cnico en Recursos Naturales en el municipio de San Juan Chamelco, Alta Verapaz. #YoHagoMiParte #JuntosVamosPorM\u00e1s#ElA\u00f1oDeLosLogros<\/p>\n","protected":false},"author":1,"featured_media":13081,"comment_status":"closed","ping_status":"open","sticky":false,"template":"","format":"gallery","meta":[],"categories":[194],"tags":[178],"_links":{"self":[{"href":"https:\/\/gobernacionaltaverapaz.gob.gt\/index.php?rest_route=\/wp\/v2\/posts\/13084"}],"collection":[{"href":"https:\/\/gobernacionaltaverapaz.gob.gt\/index.php?rest_route=\/wp\/v2\/posts"}],"about":[{"href":"https:\/\/gobernacionaltaverapaz.gob.gt\/index.php?rest_route=\/wp\/v2\/types\/post"}],"author":[{"embeddable":true,"href":"https:\/\/gobernacionaltaverapaz.gob.gt\/index.php?rest_route=\/wp\/v2\/users\/1"}],"replies":[{"embeddable":true,"href":"https:\/\/gobernacionaltaverapaz.gob.gt\/index.php?rest_route=%2Fwp%2Fv2%2Fcomments&post=13084"}],"version-history":[{"count":1,"href":"https:\/\/gobernacionaltaverapaz.gob.gt\/index.php?rest_route=\/wp\/v2\/posts\/13084\/revisions"}],"predecessor-version":[{"id":13085,"href":"https:\/\/gobernacionaltaverapaz.gob.gt\/index.php?rest_route=\/wp\/v2\/posts\/13084\/revisions\/13085"}],"wp:featuredmedia":[{"embeddable":true,"href":"https:\/\/gobernacionaltaverapaz.gob.gt\/index.php?rest_route=\/wp\/v2\/media\/13081"}],"wp:attachment":[{"href":"https:\/\/gobernacionaltaverapaz.gob.gt\/index.php?rest_route=%2Fwp%2Fv2%2Fmedia&parent=13084"}],"wp:term":[{"taxonomy":"category","embeddable":true,"href":"https:\/\/gobernacionaltaverapaz.gob.gt\/index.php?rest_route=%2Fwp%2Fv2%2Fcategories&post=13084"},{"taxonomy":"post_tag","embeddable":true,"href":"https:\/\/gobernacionaltaverapaz.gob.gt\/index.php?rest_route=%2Fwp%2Fv2%2Ftags&post=13084"}],"curies":[{"name":"wp","href":"https:\/\/api.w.org\/{rel}","templated":true}]}}