{"id":13089,"date":"2022-06-21T15:19:42","date_gmt":"2022-06-21T21:19:42","guid":{"rendered":"https:\/\/gobernacionaltaverapaz.gob.gt\/?p=13089"},"modified":"2022-06-28T09:24:07","modified_gmt":"2022-06-28T15:24:07","slug":"reunin-con-delegados-de-casa-de-la-cultura-de-alta-verapaz","status":"publish","type":"post","link":"https:\/\/gobernacionaltaverapaz.gob.gt\/?p=13089","title":{"rendered":"Reuni\u00f3n con delegados de Casa de la cultura de Alta Verapaz"},"content":{"rendered":"<p style=\"text-align: justify;\"><span class=\"d2edcug0 hpfvmrgz qv66sw1b c1et5uql lr9zc1uh a8c37x1j fe6kdd0r mau55g9w c8b282yb keod5gw0 nxhoafnm aigsh9s9 d3f4x2em iv3no6db jq4qci2q a3bd9o3v b1v8xokw oo9gr5id hzawbc8m\" dir=\"auto\">El Dr. Fernando Rodr\u00edguez Klarck, dirigi\u00f3 reuni\u00f3n con delegados de Casa de la cultura de Alta Verapaz, con el objeto de presentar la planificaci\u00f3n de actividades a realizarse durante el trimestre de Julio a septiembre del a\u00f1o en curso, as\u00ed mismo socializar la planificaci\u00f3n de un proyecto denominado \u201cAntolog\u00eda de Leyendas de Alta Verapaz\u201d que se tiene previsto realizar en el territorio pr\u00f3ximamente.<\/span><\/p>\n<p>&nbsp;<\/p>\n<div><\/div>\n","protected":false},"excerpt":{"rendered":"<p>El Dr. Fernando Rodr\u00edguez Klarck, dirigi\u00f3 reuni\u00f3n con delegados de Casa de la cultura de Alta Verapaz, con el objeto de presentar la planificaci\u00f3n de actividades a realizarse durante el trimestre de Julio a septiembre del a\u00f1o en curso, as\u00ed mismo socializar la planificaci\u00f3n de un proyecto denominado \u201cAntolog\u00eda de Leyendas de Alta Verapaz\u201d que [&hellip;]<\/p>\n","protected":false},"author":1,"featured_media":13087,"comment_status":"closed","ping_status":"open","sticky":false,"template":"","format":"gallery","meta":[],"categories":[194],"tags":[178],"_links":{"self":[{"href":"https:\/\/gobernacionaltaverapaz.gob.gt\/index.php?rest_route=\/wp\/v2\/posts\/13089"}],"collection":[{"href":"https:\/\/gobernacionaltaverapaz.gob.gt\/index.php?rest_route=\/wp\/v2\/posts"}],"about":[{"href":"https:\/\/gobernacionaltaverapaz.gob.gt\/index.php?rest_route=\/wp\/v2\/types\/post"}],"author":[{"embeddable":true,"href":"https:\/\/gobernacionaltaverapaz.gob.gt\/index.php?rest_route=\/wp\/v2\/users\/1"}],"replies":[{"embeddable":true,"href":"https:\/\/gobernacionaltaverapaz.gob.gt\/index.php?rest_route=%2Fwp%2Fv2%2Fcomments&post=13089"}],"version-history":[{"count":1,"href":"https:\/\/gobernacionaltaverapaz.gob.gt\/index.php?rest_route=\/wp\/v2\/posts\/13089\/revisions"}],"predecessor-version":[{"id":13090,"href":"https:\/\/gobernacionaltaverapaz.gob.gt\/index.php?rest_route=\/wp\/v2\/posts\/13089\/revisions\/13090"}],"wp:featuredmedia":[{"embeddable":true,"href":"https:\/\/gobernacionaltaverapaz.gob.gt\/index.php?rest_route=\/wp\/v2\/media\/13087"}],"wp:attachment":[{"href":"https:\/\/gobernacionaltaverapaz.gob.gt\/index.php?rest_route=%2Fwp%2Fv2%2Fmedia&parent=13089"}],"wp:term":[{"taxonomy":"category","embeddable":true,"href":"https:\/\/gobernacionaltaverapaz.gob.gt\/index.php?rest_route=%2Fwp%2Fv2%2Fcategories&post=13089"},{"taxonomy":"post_tag","embeddable":true,"href":"https:\/\/gobernacionaltaverapaz.gob.gt\/index.php?rest_route=%2Fwp%2Fv2%2Ftags&post=13089"}],"curies":[{"name":"wp","href":"https:\/\/api.w.org\/{rel}","templated":true}]}}