{"id":13096,"date":"2022-06-22T17:45:32","date_gmt":"2022-06-22T23:45:32","guid":{"rendered":"https:\/\/gobernacionaltaverapaz.gob.gt\/?p=13096"},"modified":"2022-06-28T16:33:24","modified_gmt":"2022-06-28T22:33:24","slug":"se-realiza-convocacin-al-grupo-de-toma-de-decisiones-del-coed","status":"publish","type":"post","link":"https:\/\/gobernacionaltaverapaz.gob.gt\/?p=13096","title":{"rendered":"Se realiza convocaci\u00f3n al grupo de toma de decisiones del COED"},"content":{"rendered":"<p style=\"text-align: justify;\"><span class=\"d2edcug0 hpfvmrgz qv66sw1b c1et5uql lr9zc1uh a8c37x1j fe6kdd0r mau55g9w c8b282yb keod5gw0 nxhoafnm aigsh9s9 d3f4x2em iv3no6db jq4qci2q a3bd9o3v b1v8xokw oo9gr5id hzawbc8m\" dir=\"auto\">El Dr. Fernando Rodr\u00edguez Klarck, en su calidad de Director del Centro de Operaciones de Emergencia Departamental de Alta Verapaz \u2013COED- convoc\u00f3 de urgencia al grupo de toma de decisiones del <a class=\"oajrlxb2 g5ia77u1 qu0x051f esr5mh6w e9989ue4 r7d6kgcz rq0escxv nhd2j8a9 nc684nl6 p7hjln8o kvgmc6g5 cxmmr5t8 oygrvhab hcukyx3x jb3vyjys rz4wbd8a qt6c0cv9 a8nywdso i1ao9s8h esuyzwwr f1sip0of lzcic4wl gpro0wi8 q66pz984 b1v8xokw\" tabindex=\"0\" role=\"link\" href=\"https:\/\/www.facebook.com\/hashtag\/coed?__eep__=6&amp;__cft__[0]=AZWcWeaMA1ywvLz35KofUe0CsJLNimsqI7jd7Zk2ORcXSJ11VVfmuJkdQbBmOxqZrqLzs7FugPhbFZhEfkfxJU-dAvFFj12nyzBaNH-aCIcmlX1YXhZstNLL9nPaFQum4V6xxUl4LG3Uz5yjxbiBAdMVBsN_Olac5DtM5xth7usmFQ&amp;__tn__=*NK-R\">#COED<\/a>, con el objeto de coordinar interinstitucionalmente, la atenci\u00f3n de las emergencias en el departamento, As\u00ed mismo la consolidaci\u00f3n de la informaci\u00f3n que generan los centros de operaciones de emergencias Municipales.<\/span><\/p>\n<p>&nbsp;<\/p>\n<p><img decoding=\"async\" loading=\"lazy\" class=\"alignnone size-full wp-image-13097\" src=\"https:\/\/gobernacionaltaverapaz.gob.gt\/wp-content\/uploads\/2022\/06\/02-35.jpg\" alt=\"\" width=\"900\" height=\"600\" srcset=\"https:\/\/gobernacionaltaverapaz.gob.gt\/wp-content\/uploads\/2022\/06\/02-35.jpg 900w, https:\/\/gobernacionaltaverapaz.gob.gt\/wp-content\/uploads\/2022\/06\/02-35-300x200.jpg 300w, https:\/\/gobernacionaltaverapaz.gob.gt\/wp-content\/uploads\/2022\/06\/02-35-768x512.jpg 768w\" sizes=\"(max-width: 900px) 100vw, 900px\" \/><\/p>\n","protected":false},"excerpt":{"rendered":"<p>El Dr. Fernando Rodr\u00edguez Klarck, en su calidad de Director del Centro de Operaciones de Emergencia Departamental de Alta Verapaz \u2013COED- convoc\u00f3 de urgencia al grupo de toma de decisiones del #COED, con el objeto de coordinar interinstitucionalmente, la atenci\u00f3n de las emergencias en el departamento, As\u00ed mismo la consolidaci\u00f3n de la informaci\u00f3n que generan [&hellip;]<\/p>\n","protected":false},"author":1,"featured_media":13098,"comment_status":"closed","ping_status":"open","sticky":false,"template":"","format":"gallery","meta":[],"categories":[194],"tags":[178],"_links":{"self":[{"href":"https:\/\/gobernacionaltaverapaz.gob.gt\/index.php?rest_route=\/wp\/v2\/posts\/13096"}],"collection":[{"href":"https:\/\/gobernacionaltaverapaz.gob.gt\/index.php?rest_route=\/wp\/v2\/posts"}],"about":[{"href":"https:\/\/gobernacionaltaverapaz.gob.gt\/index.php?rest_route=\/wp\/v2\/types\/post"}],"author":[{"embeddable":true,"href":"https:\/\/gobernacionaltaverapaz.gob.gt\/index.php?rest_route=\/wp\/v2\/users\/1"}],"replies":[{"embeddable":true,"href":"https:\/\/gobernacionaltaverapaz.gob.gt\/index.php?rest_route=%2Fwp%2Fv2%2Fcomments&post=13096"}],"version-history":[{"count":1,"href":"https:\/\/gobernacionaltaverapaz.gob.gt\/index.php?rest_route=\/wp\/v2\/posts\/13096\/revisions"}],"predecessor-version":[{"id":13099,"href":"https:\/\/gobernacionaltaverapaz.gob.gt\/index.php?rest_route=\/wp\/v2\/posts\/13096\/revisions\/13099"}],"wp:featuredmedia":[{"embeddable":true,"href":"https:\/\/gobernacionaltaverapaz.gob.gt\/index.php?rest_route=\/wp\/v2\/media\/13098"}],"wp:attachment":[{"href":"https:\/\/gobernacionaltaverapaz.gob.gt\/index.php?rest_route=%2Fwp%2Fv2%2Fmedia&parent=13096"}],"wp:term":[{"taxonomy":"category","embeddable":true,"href":"https:\/\/gobernacionaltaverapaz.gob.gt\/index.php?rest_route=%2Fwp%2Fv2%2Fcategories&post=13096"},{"taxonomy":"post_tag","embeddable":true,"href":"https:\/\/gobernacionaltaverapaz.gob.gt\/index.php?rest_route=%2Fwp%2Fv2%2Ftags&post=13096"}],"curies":[{"name":"wp","href":"https:\/\/api.w.org\/{rel}","templated":true}]}}