{"id":13110,"date":"2022-07-12T12:20:08","date_gmt":"2022-07-12T18:20:08","guid":{"rendered":"https:\/\/gobernacionaltaverapaz.gob.gt\/?p=13110"},"modified":"2022-07-14T17:09:49","modified_gmt":"2022-07-14T23:09:49","slug":"inauguracion-del-proyecto-en-la-aldea-pinares","status":"publish","type":"post","link":"https:\/\/gobernacionaltaverapaz.gob.gt\/?p=13110","title":{"rendered":"Inauguracion del proyecto en la Aldea Pinares"},"content":{"rendered":"<p style=\"text-align: justify;\"><span class=\"d2edcug0 hpfvmrgz qv66sw1b c1et5uql lr9zc1uh a8c37x1j fe6kdd0r mau55g9w c8b282yb keod5gw0 nxhoafnm aigsh9s9 d3f4x2em iv3no6db jq4qci2q a3bd9o3v b1v8xokw oo9gr5id hzawbc8m\" dir=\"auto\">Dr. Fernando Klarck. Gobernador de Alta Verapaz, tuvo a bien recibir al Dr. Alejandro Giammattei Presidente Constitucional de la Rep\u00fablica de Guatemala, Lic. Miguel Angel L\u00f3pez, Ministro de Agricultura, Ing. Cesar arreaga Viceministro de Seguridad Alimentaria y Nutricional, Diputado Leopoldo Salazar, Harold Estrada Gerente de Fonagro y el Alcalde Municipal de Cahabon Dennis Fraatz, En la aldea Pinares del Municipio de Santa Maria Cahabon; quienes llevaron a cabo la inauguracion del proyecto &#8220;Implementaci\u00f3n de Infraestructura Productiva y Equipo para Beneficiado de Cacao de la Asociaci\u00f3n del Pueblo Ind\u00edgena para el Desarrollo Integral Productivo de la Aldea Pinares&#8221; <a class=\"oajrlxb2 g5ia77u1 qu0x051f esr5mh6w e9989ue4 r7d6kgcz rq0escxv nhd2j8a9 nc684nl6 p7hjln8o kvgmc6g5 cxmmr5t8 oygrvhab hcukyx3x jb3vyjys rz4wbd8a qt6c0cv9 a8nywdso i1ao9s8h esuyzwwr f1sip0of lzcic4wl gpro0wi8 q66pz984 b1v8xokw\" tabindex=\"0\" role=\"link\" href=\"https:\/\/www.facebook.com\/hashtag\/apidip?__eep__=6&amp;__cft__[0]=AZXGokDCrCwbLL0h2GurufeE_659YmkJxb3Rlxev7LavAgXuEVpUKkoOXS78qr3DaNjkPEfpGOQai71Y1262NGQLJEAmiitg5plkNMUJ7J-LvthZs-ExXgqJsbsCgoy_NBMGsAl3O0avQVCXIsJaN5Zi8kU0rdFlZalGwd5wuSLDWQ&amp;__tn__=*NK-R\">#APIDIP<\/a>. El cual beneficiar\u00e1 a 124 familias de este territorio.<\/span><\/p>\n<p>&nbsp;<\/p>\n<p>&nbsp;<\/p>\n<div><\/div>\n","protected":false},"excerpt":{"rendered":"<p>Dr. Fernando Klarck. Gobernador de Alta Verapaz, tuvo a bien recibir al Dr. Alejandro Giammattei Presidente Constitucional de la Rep\u00fablica de Guatemala, Lic. Miguel Angel L\u00f3pez, Ministro de Agricultura, Ing. Cesar arreaga Viceministro de Seguridad Alimentaria y Nutricional, Diputado Leopoldo Salazar, Harold Estrada Gerente de Fonagro y el Alcalde Municipal de Cahabon Dennis Fraatz, En [&hellip;]<\/p>\n","protected":false},"author":1,"featured_media":13106,"comment_status":"closed","ping_status":"open","sticky":false,"template":"","format":"gallery","meta":[],"categories":[4],"tags":[178],"_links":{"self":[{"href":"https:\/\/gobernacionaltaverapaz.gob.gt\/index.php?rest_route=\/wp\/v2\/posts\/13110"}],"collection":[{"href":"https:\/\/gobernacionaltaverapaz.gob.gt\/index.php?rest_route=\/wp\/v2\/posts"}],"about":[{"href":"https:\/\/gobernacionaltaverapaz.gob.gt\/index.php?rest_route=\/wp\/v2\/types\/post"}],"author":[{"embeddable":true,"href":"https:\/\/gobernacionaltaverapaz.gob.gt\/index.php?rest_route=\/wp\/v2\/users\/1"}],"replies":[{"embeddable":true,"href":"https:\/\/gobernacionaltaverapaz.gob.gt\/index.php?rest_route=%2Fwp%2Fv2%2Fcomments&post=13110"}],"version-history":[{"count":1,"href":"https:\/\/gobernacionaltaverapaz.gob.gt\/index.php?rest_route=\/wp\/v2\/posts\/13110\/revisions"}],"predecessor-version":[{"id":13111,"href":"https:\/\/gobernacionaltaverapaz.gob.gt\/index.php?rest_route=\/wp\/v2\/posts\/13110\/revisions\/13111"}],"wp:featuredmedia":[{"embeddable":true,"href":"https:\/\/gobernacionaltaverapaz.gob.gt\/index.php?rest_route=\/wp\/v2\/media\/13106"}],"wp:attachment":[{"href":"https:\/\/gobernacionaltaverapaz.gob.gt\/index.php?rest_route=%2Fwp%2Fv2%2Fmedia&parent=13110"}],"wp:term":[{"taxonomy":"category","embeddable":true,"href":"https:\/\/gobernacionaltaverapaz.gob.gt\/index.php?rest_route=%2Fwp%2Fv2%2Fcategories&post=13110"},{"taxonomy":"post_tag","embeddable":true,"href":"https:\/\/gobernacionaltaverapaz.gob.gt\/index.php?rest_route=%2Fwp%2Fv2%2Ftags&post=13110"}],"curies":[{"name":"wp","href":"https:\/\/api.w.org\/{rel}","templated":true}]}}