{"id":13119,"date":"2022-06-23T16:39:27","date_gmt":"2022-06-23T22:39:27","guid":{"rendered":"https:\/\/gobernacionaltaverapaz.gob.gt\/?p=13119"},"modified":"2022-07-26T09:15:31","modified_gmt":"2022-07-26T15:15:31","slug":"reunion-del-coed","status":"publish","type":"post","link":"https:\/\/gobernacionaltaverapaz.gob.gt\/?p=13119","title":{"rendered":"Reuni\u00f3n del COED"},"content":{"rendered":"<p style=\"text-align: justify;\"><span class=\"d2edcug0 hpfvmrgz qv66sw1b c1et5uql lr9zc1uh a8c37x1j fe6kdd0r mau55g9w c8b282yb keod5gw0 nxhoafnm aigsh9s9 d3f4x2em iv3no6db jq4qci2q a3bd9o3v b1v8xokw oo9gr5id hzawbc8m\" dir=\"auto\">El Dr. Fernando Rodr\u00edguez Klarck, convoc\u00f3 al grupo de toma de decisiones del <a class=\"oajrlxb2 g5ia77u1 qu0x051f esr5mh6w e9989ue4 r7d6kgcz rq0escxv nhd2j8a9 nc684nl6 p7hjln8o kvgmc6g5 cxmmr5t8 oygrvhab hcukyx3x jb3vyjys rz4wbd8a qt6c0cv9 a8nywdso i1ao9s8h esuyzwwr f1sip0of lzcic4wl gpro0wi8 q66pz984 b1v8xokw\" tabindex=\"0\" role=\"link\" href=\"https:\/\/www.facebook.com\/hashtag\/coed?__eep__=6&amp;__cft__[0]=AZVmblBBJChjYww9z6PmEiNy5i1famGJRN6iYiruDUXx0ROARCnDejmqfQq1Wes3aWwpO0QhVB-Ncp-mU1FL_-0wggtf1juGJ2TgmEzC4RyxkP0sNatno0nDwMEQd4oqDJFlLkJ9JEWhtISUQcVnVxFvEMnTaaCnTQDiGj3Z_7FNfA&amp;__tn__=*NK-R\">#COED<\/a> de Alta Verapaz, con el objetivo de analizar la estructura organizativa y de respuesta de la Coordinadora Departamental para la Reducci\u00f3n de Desastres <a class=\"oajrlxb2 g5ia77u1 qu0x051f esr5mh6w e9989ue4 r7d6kgcz rq0escxv nhd2j8a9 nc684nl6 p7hjln8o kvgmc6g5 cxmmr5t8 oygrvhab hcukyx3x jb3vyjys rz4wbd8a qt6c0cv9 a8nywdso i1ao9s8h esuyzwwr f1sip0of lzcic4wl gpro0wi8 q66pz984 b1v8xokw\" tabindex=\"0\" role=\"link\" href=\"https:\/\/www.facebook.com\/hashtag\/codred?__eep__=6&amp;__cft__[0]=AZVmblBBJChjYww9z6PmEiNy5i1famGJRN6iYiruDUXx0ROARCnDejmqfQq1Wes3aWwpO0QhVB-Ncp-mU1FL_-0wggtf1juGJ2TgmEzC4RyxkP0sNatno0nDwMEQd4oqDJFlLkJ9JEWhtISUQcVnVxFvEMnTaaCnTQDiGj3Z_7FNfA&amp;__tn__=*NK-R\">#CODRED<\/a>, Y las funciones de las instituciones que la integran. As\u00ed mismo la socializaci\u00f3n y aprobaci\u00f3n de la actualizaci\u00f3n de la estructura de CODRED\/COE, en cumplimiento al plan nacional de respuesta, el manual de organizaci\u00f3n nacional y el manual de centro de operaciones de emergencia, incorporando a nuevos actores institucionales. <\/span><\/p>\n<p>&nbsp;<\/p>\n<p>&nbsp;<\/p>\n<div><\/div>\n","protected":false},"excerpt":{"rendered":"<p>El Dr. Fernando Rodr\u00edguez Klarck, convoc\u00f3 al grupo de toma de decisiones del #COED de Alta Verapaz, con el objetivo de analizar la estructura organizativa y de respuesta de la Coordinadora Departamental para la Reducci\u00f3n de Desastres #CODRED, Y las funciones de las instituciones que la integran. As\u00ed mismo la socializaci\u00f3n y aprobaci\u00f3n de la [&hellip;]<\/p>\n","protected":false},"author":1,"featured_media":13116,"comment_status":"closed","ping_status":"open","sticky":false,"template":"","format":"gallery","meta":[],"categories":[194],"tags":[178],"_links":{"self":[{"href":"https:\/\/gobernacionaltaverapaz.gob.gt\/index.php?rest_route=\/wp\/v2\/posts\/13119"}],"collection":[{"href":"https:\/\/gobernacionaltaverapaz.gob.gt\/index.php?rest_route=\/wp\/v2\/posts"}],"about":[{"href":"https:\/\/gobernacionaltaverapaz.gob.gt\/index.php?rest_route=\/wp\/v2\/types\/post"}],"author":[{"embeddable":true,"href":"https:\/\/gobernacionaltaverapaz.gob.gt\/index.php?rest_route=\/wp\/v2\/users\/1"}],"replies":[{"embeddable":true,"href":"https:\/\/gobernacionaltaverapaz.gob.gt\/index.php?rest_route=%2Fwp%2Fv2%2Fcomments&post=13119"}],"version-history":[{"count":2,"href":"https:\/\/gobernacionaltaverapaz.gob.gt\/index.php?rest_route=\/wp\/v2\/posts\/13119\/revisions"}],"predecessor-version":[{"id":13122,"href":"https:\/\/gobernacionaltaverapaz.gob.gt\/index.php?rest_route=\/wp\/v2\/posts\/13119\/revisions\/13122"}],"wp:featuredmedia":[{"embeddable":true,"href":"https:\/\/gobernacionaltaverapaz.gob.gt\/index.php?rest_route=\/wp\/v2\/media\/13116"}],"wp:attachment":[{"href":"https:\/\/gobernacionaltaverapaz.gob.gt\/index.php?rest_route=%2Fwp%2Fv2%2Fmedia&parent=13119"}],"wp:term":[{"taxonomy":"category","embeddable":true,"href":"https:\/\/gobernacionaltaverapaz.gob.gt\/index.php?rest_route=%2Fwp%2Fv2%2Fcategories&post=13119"},{"taxonomy":"post_tag","embeddable":true,"href":"https:\/\/gobernacionaltaverapaz.gob.gt\/index.php?rest_route=%2Fwp%2Fv2%2Ftags&post=13119"}],"curies":[{"name":"wp","href":"https:\/\/api.w.org\/{rel}","templated":true}]}}