{"id":13123,"date":"2022-06-24T11:10:54","date_gmt":"2022-06-24T17:10:54","guid":{"rendered":"https:\/\/gobernacionaltaverapaz.gob.gt\/?p=13123"},"modified":"2022-07-26T09:38:16","modified_gmt":"2022-07-26T15:38:16","slug":"capacitaciones-sobre-la-correcta-clasificacin-de-los-residuos-desechos-slidos-reforestacin","status":"publish","type":"post","link":"https:\/\/gobernacionaltaverapaz.gob.gt\/?p=13123","title":{"rendered":"Capacitaciones sobre la correcta clasificaci\u00f3n de los residuos y desechos s\u00f3lidos"},"content":{"rendered":"<div class=\"\" dir=\"auto\">\n<div id=\"jsc_c_5k5\" class=\"ecm0bbzt hv4rvrfc ihqw7lf3 dati1w0a\" data-ad-comet-preview=\"message\" data-ad-preview=\"message\">\n<div class=\"j83agx80 cbu4d94t ew0dbk1b irj2b8pg\">\n<div class=\"qzhwtbm6 knvmm38d\">\n<div class=\"kvgmc6g5 cxmmr5t8 oygrvhab hcukyx3x c1et5uql ii04i59q\">\n<div dir=\"auto\" style=\"text-align: justify;\"><a class=\"oajrlxb2 g5ia77u1 qu0x051f esr5mh6w e9989ue4 r7d6kgcz rq0escxv nhd2j8a9 nc684nl6 p7hjln8o kvgmc6g5 cxmmr5t8 oygrvhab hcukyx3x jb3vyjys rz4wbd8a qt6c0cv9 a8nywdso i1ao9s8h esuyzwwr f1sip0of lzcic4wl gpro0wi8 q66pz984 b1v8xokw\" tabindex=\"0\" role=\"link\" href=\"https:\/\/www.facebook.com\/hashtag\/marn?__eep__=6&amp;__cft__[0]=AZWPZKmID-fgm_zma_IpBV6jaMi2C834SBxKOvOmqMOs16d_cbvU7Uyhr1lyJhwPyFn2_c6K4sz-PHohC47iWZFiYGHh4d4AbIAFvAhQwnXR9Rw787qvUAqwLede6utiBeKAyPCra7Dy_9-3fRVukmcaSNlqXCIpenk78XRErD8ckQ&amp;__tn__=*NK-R\">#MARN<\/a> La Delegaci\u00f3n Departamental del Ministerio de Ambiente y Recursos Naturales de Alta Verapaz en el marco del <a class=\"oajrlxb2 g5ia77u1 qu0x051f esr5mh6w e9989ue4 r7d6kgcz rq0escxv nhd2j8a9 nc684nl6 p7hjln8o kvgmc6g5 cxmmr5t8 oygrvhab hcukyx3x jb3vyjys rz4wbd8a qt6c0cv9 a8nywdso i1ao9s8h esuyzwwr f1sip0of lzcic4wl gpro0wi8 q66pz984 b1v8xokw\" tabindex=\"0\" role=\"link\" href=\"https:\/\/www.facebook.com\/hashtag\/mesdelmedioambiente?__eep__=6&amp;__cft__[0]=AZWPZKmID-fgm_zma_IpBV6jaMi2C834SBxKOvOmqMOs16d_cbvU7Uyhr1lyJhwPyFn2_c6K4sz-PHohC47iWZFiYGHh4d4AbIAFvAhQwnXR9Rw787qvUAqwLede6utiBeKAyPCra7Dy_9-3fRVukmcaSNlqXCIpenk78XRErD8ckQ&amp;__tn__=*NK-R\">#MesDelMedioAmbiente<\/a> realiz\u00f3, capacitaciones sobre la correcta clasificaci\u00f3n de los residuos y desechos s\u00f3lidos y reforestaci\u00f3n con ni\u00f1os de la Escuela Oficial de P\u00e1rvulos Campo de Aviacion en el municipio de Coban, Alta Verapaz. <a class=\"oajrlxb2 g5ia77u1 qu0x051f esr5mh6w e9989ue4 r7d6kgcz rq0escxv nhd2j8a9 nc684nl6 p7hjln8o kvgmc6g5 cxmmr5t8 oygrvhab hcukyx3x jb3vyjys rz4wbd8a qt6c0cv9 a8nywdso i1ao9s8h esuyzwwr f1sip0of lzcic4wl gpro0wi8 q66pz984 b1v8xokw\" tabindex=\"0\" role=\"link\" href=\"https:\/\/www.facebook.com\/hashtag\/yohagomiparte?__eep__=6&amp;__cft__[0]=AZWPZKmID-fgm_zma_IpBV6jaMi2C834SBxKOvOmqMOs16d_cbvU7Uyhr1lyJhwPyFn2_c6K4sz-PHohC47iWZFiYGHh4d4AbIAFvAhQwnXR9Rw787qvUAqwLede6utiBeKAyPCra7Dy_9-3fRVukmcaSNlqXCIpenk78XRErD8ckQ&amp;__tn__=*NK-R\">#YoHagoMiParte<\/a><a class=\"oajrlxb2 g5ia77u1 qu0x051f esr5mh6w e9989ue4 r7d6kgcz rq0escxv nhd2j8a9 nc684nl6 p7hjln8o kvgmc6g5 cxmmr5t8 oygrvhab hcukyx3x jb3vyjys rz4wbd8a qt6c0cv9 a8nywdso i1ao9s8h esuyzwwr f1sip0of lzcic4wl gpro0wi8 q66pz984 b1v8xokw\" tabindex=\"0\" role=\"link\" href=\"https:\/\/www.facebook.com\/hashtag\/aceptoelreto?__eep__=6&amp;__cft__[0]=AZWPZKmID-fgm_zma_IpBV6jaMi2C834SBxKOvOmqMOs16d_cbvU7Uyhr1lyJhwPyFn2_c6K4sz-PHohC47iWZFiYGHh4d4AbIAFvAhQwnXR9Rw787qvUAqwLede6utiBeKAyPCra7Dy_9-3fRVukmcaSNlqXCIpenk78XRErD8ckQ&amp;__tn__=*NK-R\">#AceptoElReto.<\/a><\/div>\n<\/div>\n<\/div>\n<\/div>\n<\/div>\n<\/div>\n<div dir=\"auto\"><\/div>\n<div dir=\"auto\"><\/div>\n<div dir=\"auto\"><\/div>\n<div dir=\"auto\"><img decoding=\"async\" loading=\"lazy\" class=\"alignnone size-full wp-image-13124\" src=\"https:\/\/gobernacionaltaverapaz.gob.gt\/wp-content\/uploads\/2022\/07\/01-4.jpg\" alt=\"\" width=\"900\" height=\"600\" srcset=\"https:\/\/gobernacionaltaverapaz.gob.gt\/wp-content\/uploads\/2022\/07\/01-4.jpg 900w, https:\/\/gobernacionaltaverapaz.gob.gt\/wp-content\/uploads\/2022\/07\/01-4-300x200.jpg 300w, https:\/\/gobernacionaltaverapaz.gob.gt\/wp-content\/uploads\/2022\/07\/01-4-768x512.jpg 768w\" sizes=\"(max-width: 900px) 100vw, 900px\" \/><\/div>\n","protected":false},"excerpt":{"rendered":"<p>#MARN La Delegaci\u00f3n Departamental del Ministerio de Ambiente y Recursos Naturales de Alta Verapaz en el marco del #MesDelMedioAmbiente realiz\u00f3, capacitaciones sobre la correcta clasificaci\u00f3n de los residuos y desechos s\u00f3lidos y reforestaci\u00f3n con ni\u00f1os de la Escuela Oficial de P\u00e1rvulos Campo de Aviacion en el municipio de Coban, Alta Verapaz. #YoHagoMiParte#AceptoElReto.<\/p>\n","protected":false},"author":1,"featured_media":13125,"comment_status":"closed","ping_status":"open","sticky":false,"template":"","format":"standard","meta":[],"categories":[6],"tags":[178],"_links":{"self":[{"href":"https:\/\/gobernacionaltaverapaz.gob.gt\/index.php?rest_route=\/wp\/v2\/posts\/13123"}],"collection":[{"href":"https:\/\/gobernacionaltaverapaz.gob.gt\/index.php?rest_route=\/wp\/v2\/posts"}],"about":[{"href":"https:\/\/gobernacionaltaverapaz.gob.gt\/index.php?rest_route=\/wp\/v2\/types\/post"}],"author":[{"embeddable":true,"href":"https:\/\/gobernacionaltaverapaz.gob.gt\/index.php?rest_route=\/wp\/v2\/users\/1"}],"replies":[{"embeddable":true,"href":"https:\/\/gobernacionaltaverapaz.gob.gt\/index.php?rest_route=%2Fwp%2Fv2%2Fcomments&post=13123"}],"version-history":[{"count":2,"href":"https:\/\/gobernacionaltaverapaz.gob.gt\/index.php?rest_route=\/wp\/v2\/posts\/13123\/revisions"}],"predecessor-version":[{"id":13127,"href":"https:\/\/gobernacionaltaverapaz.gob.gt\/index.php?rest_route=\/wp\/v2\/posts\/13123\/revisions\/13127"}],"wp:featuredmedia":[{"embeddable":true,"href":"https:\/\/gobernacionaltaverapaz.gob.gt\/index.php?rest_route=\/wp\/v2\/media\/13125"}],"wp:attachment":[{"href":"https:\/\/gobernacionaltaverapaz.gob.gt\/index.php?rest_route=%2Fwp%2Fv2%2Fmedia&parent=13123"}],"wp:term":[{"taxonomy":"category","embeddable":true,"href":"https:\/\/gobernacionaltaverapaz.gob.gt\/index.php?rest_route=%2Fwp%2Fv2%2Fcategories&post=13123"},{"taxonomy":"post_tag","embeddable":true,"href":"https:\/\/gobernacionaltaverapaz.gob.gt\/index.php?rest_route=%2Fwp%2Fv2%2Ftags&post=13123"}],"curies":[{"name":"wp","href":"https:\/\/api.w.org\/{rel}","templated":true}]}}