{"id":13141,"date":"2022-07-22T15:25:03","date_gmt":"2022-07-22T21:25:03","guid":{"rendered":"https:\/\/gobernacionaltaverapaz.gob.gt\/?p=13141"},"modified":"2022-07-26T10:13:08","modified_gmt":"2022-07-26T16:13:08","slug":"lanzamiento-nacional-del-programa-de-becas","status":"publish","type":"post","link":"https:\/\/gobernacionaltaverapaz.gob.gt\/?p=13141","title":{"rendered":"Lanzamiento Nacional del Programa de Becas"},"content":{"rendered":"<div class=\"kvgmc6g5 cxmmr5t8 oygrvhab hcukyx3x c1et5uql ii04i59q\">\n<div dir=\"auto\" style=\"text-align: justify;\">En el marco del eje de econom\u00eda, competitividad y prosperidad, de la Pol\u00edtica General de <a class=\"oajrlxb2 g5ia77u1 qu0x051f esr5mh6w e9989ue4 r7d6kgcz rq0escxv nhd2j8a9 nc684nl6 p7hjln8o kvgmc6g5 cxmmr5t8 oygrvhab hcukyx3x jb3vyjys rz4wbd8a qt6c0cv9 a8nywdso i1ao9s8h esuyzwwr f1sip0of lzcic4wl gpro0wi8 q66pz984 b1v8xokw\" tabindex=\"0\" role=\"link\" href=\"https:\/\/www.facebook.com\/guatemalagob?__cft__[0]=AZXcX27jFesX2JkuwcSUWAe6FGrODDGK822one45GDhMDaqeoeOPgx1SO2gqHxWcvl4pmJc_HojpbGCav2kx1YgziEhw5KZI_Gy0rpb8Xq9jhNY0gQxZFtHrHrw-aB_SDATfC6RdLZfh89YAf__14fc0i1VpigWaW8ybififWINRYg&amp;__tn__=-]K-R\"><span class=\"nc684nl6\">Gobierno de Guatemala<\/span><\/a> 2020-2023, que refleja la importancia del crecimiento econ\u00f3mico para la creaci\u00f3n de empleo. El d\u00eda de hoy en las Instalaciones del Polideportivo de la Zona 8 de Cob\u00e1n Alta Verapaz, se llev\u00f3 a cabo el Lanzamiento Nacional del Programa de Becas de Atenci\u00f3n Integral en Enfermer\u00eda y el Lanzamiento de II Fase de Becas de Idioma Ingles, en donde el Departamento fue beneficiado con 90 de las 1375 becas que se tienen a nivel Nacional.<\/div>\n<\/div>\n<div class=\"cxmmr5t8 oygrvhab hcukyx3x c1et5uql o9v6fnle ii04i59q\" style=\"text-align: justify;\">\n<div dir=\"auto\">Actividad que cont\u00f3 con la participaci\u00f3n del Dr. Fernando Rodr\u00edguez Klarck, Gobernador de Alta Verapaz, Diputado Leopoldo Salazar, Edwin Montufar Viceministro de Atenci\u00f3n Primaria en Salud, Fernando Escalante Viceministro de Desarrollo de la <a class=\"oajrlxb2 g5ia77u1 qu0x051f esr5mh6w e9989ue4 r7d6kgcz rq0escxv nhd2j8a9 nc684nl6 p7hjln8o kvgmc6g5 cxmmr5t8 oygrvhab hcukyx3x jb3vyjys rz4wbd8a qt6c0cv9 a8nywdso i1ao9s8h esuyzwwr f1sip0of lzcic4wl gpro0wi8 q66pz984 b1v8xokw\" tabindex=\"0\" role=\"link\" href=\"https:\/\/www.facebook.com\/hashtag\/mipyme?__eep__=6&amp;__cft__[0]=AZXcX27jFesX2JkuwcSUWAe6FGrODDGK822one45GDhMDaqeoeOPgx1SO2gqHxWcvl4pmJc_HojpbGCav2kx1YgziEhw5KZI_Gy0rpb8Xq9jhNY0gQxZFtHrHrw-aB_SDATfC6RdLZfh89YAf__14fc0i1VpigWaW8ybififWINRYg&amp;__tn__=*NK-R\">#MIPYME<\/a> y Juan Pablo Ram\u00edrez, Jefe Pedag\u00f3gico de <a class=\"oajrlxb2 g5ia77u1 qu0x051f esr5mh6w e9989ue4 r7d6kgcz rq0escxv nhd2j8a9 nc684nl6 p7hjln8o kvgmc6g5 cxmmr5t8 oygrvhab hcukyx3x jb3vyjys rz4wbd8a qt6c0cv9 a8nywdso i1ao9s8h esuyzwwr f1sip0of lzcic4wl gpro0wi8 q66pz984 b1v8xokw\" tabindex=\"0\" role=\"link\" href=\"https:\/\/www.facebook.com\/hashtag\/intecap?__eep__=6&amp;__cft__[0]=AZXcX27jFesX2JkuwcSUWAe6FGrODDGK822one45GDhMDaqeoeOPgx1SO2gqHxWcvl4pmJc_HojpbGCav2kx1YgziEhw5KZI_Gy0rpb8Xq9jhNY0gQxZFtHrHrw-aB_SDATfC6RdLZfh89YAf__14fc0i1VpigWaW8ybififWINRYg&amp;__tn__=*NK-R\">#INTECAP<\/a>.<\/div>\n<\/div>\n<div class=\"cxmmr5t8 oygrvhab hcukyx3x c1et5uql o9v6fnle ii04i59q\">\n<div dir=\"auto\" style=\"text-align: justify;\">Este programa de becas capacitar\u00e1 a personas para poder atender a pacientes en hogar y ser\u00e1 impartido por INTECAP, avalado por el <a class=\"oajrlxb2 g5ia77u1 qu0x051f esr5mh6w e9989ue4 r7d6kgcz rq0escxv nhd2j8a9 nc684nl6 p7hjln8o kvgmc6g5 cxmmr5t8 oygrvhab hcukyx3x jb3vyjys rz4wbd8a qt6c0cv9 a8nywdso i1ao9s8h esuyzwwr f1sip0of lzcic4wl gpro0wi8 q66pz984 b1v8xokw\" tabindex=\"0\" role=\"link\" href=\"https:\/\/www.facebook.com\/hashtag\/mspas?__eep__=6&amp;__cft__[0]=AZXcX27jFesX2JkuwcSUWAe6FGrODDGK822one45GDhMDaqeoeOPgx1SO2gqHxWcvl4pmJc_HojpbGCav2kx1YgziEhw5KZI_Gy0rpb8Xq9jhNY0gQxZFtHrHrw-aB_SDATfC6RdLZfh89YAf__14fc0i1VpigWaW8ybififWINRYg&amp;__tn__=*NK-R\">#MSPAS<\/a>, y costeadas por el Ministerio de Econom\u00eda a trav\u00e9s del Banco CHN.<\/div>\n<\/div>\n<div dir=\"auto\"><\/div>\n<div dir=\"auto\"><\/div>\n<div dir=\"auto\"><\/div>\n<div dir=\"auto\">\n<div><\/div>\n<\/div>\n<p>&nbsp;<\/p>\n","protected":false},"excerpt":{"rendered":"<p>En el marco del eje de econom\u00eda, competitividad y prosperidad, de la Pol\u00edtica General de Gobierno de Guatemala 2020-2023, que refleja la importancia del crecimiento econ\u00f3mico para la creaci\u00f3n de empleo. El d\u00eda de hoy en las Instalaciones del Polideportivo de la Zona 8 de Cob\u00e1n Alta Verapaz, se llev\u00f3 a cabo el Lanzamiento Nacional [&hellip;]<\/p>\n","protected":false},"author":1,"featured_media":13135,"comment_status":"closed","ping_status":"open","sticky":false,"template":"","format":"gallery","meta":[],"categories":[194],"tags":[178],"_links":{"self":[{"href":"https:\/\/gobernacionaltaverapaz.gob.gt\/index.php?rest_route=\/wp\/v2\/posts\/13141"}],"collection":[{"href":"https:\/\/gobernacionaltaverapaz.gob.gt\/index.php?rest_route=\/wp\/v2\/posts"}],"about":[{"href":"https:\/\/gobernacionaltaverapaz.gob.gt\/index.php?rest_route=\/wp\/v2\/types\/post"}],"author":[{"embeddable":true,"href":"https:\/\/gobernacionaltaverapaz.gob.gt\/index.php?rest_route=\/wp\/v2\/users\/1"}],"replies":[{"embeddable":true,"href":"https:\/\/gobernacionaltaverapaz.gob.gt\/index.php?rest_route=%2Fwp%2Fv2%2Fcomments&post=13141"}],"version-history":[{"count":1,"href":"https:\/\/gobernacionaltaverapaz.gob.gt\/index.php?rest_route=\/wp\/v2\/posts\/13141\/revisions"}],"predecessor-version":[{"id":13142,"href":"https:\/\/gobernacionaltaverapaz.gob.gt\/index.php?rest_route=\/wp\/v2\/posts\/13141\/revisions\/13142"}],"wp:featuredmedia":[{"embeddable":true,"href":"https:\/\/gobernacionaltaverapaz.gob.gt\/index.php?rest_route=\/wp\/v2\/media\/13135"}],"wp:attachment":[{"href":"https:\/\/gobernacionaltaverapaz.gob.gt\/index.php?rest_route=%2Fwp%2Fv2%2Fmedia&parent=13141"}],"wp:term":[{"taxonomy":"category","embeddable":true,"href":"https:\/\/gobernacionaltaverapaz.gob.gt\/index.php?rest_route=%2Fwp%2Fv2%2Fcategories&post=13141"},{"taxonomy":"post_tag","embeddable":true,"href":"https:\/\/gobernacionaltaverapaz.gob.gt\/index.php?rest_route=%2Fwp%2Fv2%2Ftags&post=13141"}],"curies":[{"name":"wp","href":"https:\/\/api.w.org\/{rel}","templated":true}]}}