{"id":13153,"date":"2022-07-21T18:45:46","date_gmt":"2022-07-22T00:45:46","guid":{"rendered":"https:\/\/gobernacionaltaverapaz.gob.gt\/?p=13153"},"modified":"2022-07-26T16:29:39","modified_gmt":"2022-07-26T22:29:39","slug":"comit-present-el-plan-de-contingencia-para-dicha-actividad","status":"publish","type":"post","link":"https:\/\/gobernacionaltaverapaz.gob.gt\/?p=13153","title":{"rendered":"Comit\u00e9 present\u00f3 el Plan de Contingencia para dicha actividad"},"content":{"rendered":"<div dir=\"auto\" style=\"text-align: justify;\">Dr. Fernando Rodr\u00edguez Klarck, sostuvo reuni\u00f3n con representantes del comit\u00e9 Organizador de la Media Marat\u00f3n Internacional, en donde \u00e9ste comit\u00e9 present\u00f3 el plan de Contingencia para dicha actividad. A esta reuni\u00f3n asistieron Representantes de MSPAS, Cuerpos de Socorro, Ministerio de la Defensa Nacional, Polic\u00eda nacional Civil y Municipalidad de Cob\u00e1n, quienes expusieron su preocupaci\u00f3n a la realizaci\u00f3n de este evento que concentrar\u00e1 una gran cantidad de personas.<\/div>\n<div dir=\"auto\" style=\"text-align: justify;\">Ante esta situaci\u00f3n y luego de escuchar las opiniones de cada uno de los presentes el Sr. Gobernador declaro no estar en sus manos el dictamen de la realizaci\u00f3n o no de esta actividad, y que, en su calidad de director del Grupo de Toma de Decisiones del Departamento, se sugiri\u00f3 mediante oficio No. 262-2022 el cual est\u00e1 dirigido a los Directores de los <a class=\"oajrlxb2 g5ia77u1 qu0x051f esr5mh6w e9989ue4 r7d6kgcz rq0escxv nhd2j8a9 nc684nl6 p7hjln8o kvgmc6g5 cxmmr5t8 oygrvhab hcukyx3x jb3vyjys rz4wbd8a qt6c0cv9 a8nywdso i1ao9s8h esuyzwwr f1sip0of lzcic4wl gpro0wi8 q66pz984 b1v8xokw\" tabindex=\"0\" role=\"link\" href=\"https:\/\/www.facebook.com\/hashtag\/coes?__eep__=6&amp;__cft__[0]=AZX0xP1qzjwXfA5Mpelu3Nf8CkgxfDmsn6nmOcOEPrta2WGIc1kGt-X82ZD8_ZyGIGYw9cpwiVIQhbnXAEFrQPSqy8IM_cDJya2IjwsLjMVH3K9lHDgYE66FjyhGi25qJq_hnBvDfnG_vd_pDPczNje8brPkI1FnFj0K1KuLN96t0w&amp;__tn__=*NK-R\">#COES<\/a> Municipales, acatar las instrucciones del <a class=\"oajrlxb2 g5ia77u1 qu0x051f esr5mh6w e9989ue4 r7d6kgcz rq0escxv nhd2j8a9 nc684nl6 p7hjln8o kvgmc6g5 cxmmr5t8 oygrvhab hcukyx3x jb3vyjys rz4wbd8a qt6c0cv9 a8nywdso i1ao9s8h esuyzwwr f1sip0of lzcic4wl gpro0wi8 q66pz984 b1v8xokw\" tabindex=\"0\" role=\"link\" href=\"https:\/\/www.facebook.com\/hashtag\/mspas?__eep__=6&amp;__cft__[0]=AZX0xP1qzjwXfA5Mpelu3Nf8CkgxfDmsn6nmOcOEPrta2WGIc1kGt-X82ZD8_ZyGIGYw9cpwiVIQhbnXAEFrQPSqy8IM_cDJya2IjwsLjMVH3K9lHDgYE66FjyhGi25qJq_hnBvDfnG_vd_pDPczNje8brPkI1FnFj0K1KuLN96t0w&amp;__tn__=*NK-R\">#MSPAS<\/a>. Por lo que le corresponde a el Alcalde Municipal de Cob\u00e1n y a su Honorable Corporaci\u00f3n Municipal, el hacer una reevaluaci\u00f3n para la realizaci\u00f3n o no de esta actividad puesto que son ellos los actores directos de la autorizaci\u00f3n del evento.<\/div>\n<div dir=\"auto\"><\/div>\n<div dir=\"auto\"><\/div>\n<div dir=\"auto\"><\/div>\n<div dir=\"auto\"><\/div>\n<div dir=\"auto\">\n<div><\/div>\n<\/div>\n<p>&nbsp;<\/p>\n","protected":false},"excerpt":{"rendered":"<p>Dr. Fernando Rodr\u00edguez Klarck, sostuvo reuni\u00f3n con representantes del comit\u00e9 Organizador de la Media Marat\u00f3n Internacional, en donde \u00e9ste comit\u00e9 present\u00f3 el plan de Contingencia para dicha actividad. A esta reuni\u00f3n asistieron Representantes de MSPAS, Cuerpos de Socorro, Ministerio de la Defensa Nacional, Polic\u00eda nacional Civil y Municipalidad de Cob\u00e1n, quienes expusieron su preocupaci\u00f3n a [&hellip;]<\/p>\n","protected":false},"author":1,"featured_media":13149,"comment_status":"closed","ping_status":"open","sticky":false,"template":"","format":"gallery","meta":[],"categories":[194],"tags":[178],"_links":{"self":[{"href":"https:\/\/gobernacionaltaverapaz.gob.gt\/index.php?rest_route=\/wp\/v2\/posts\/13153"}],"collection":[{"href":"https:\/\/gobernacionaltaverapaz.gob.gt\/index.php?rest_route=\/wp\/v2\/posts"}],"about":[{"href":"https:\/\/gobernacionaltaverapaz.gob.gt\/index.php?rest_route=\/wp\/v2\/types\/post"}],"author":[{"embeddable":true,"href":"https:\/\/gobernacionaltaverapaz.gob.gt\/index.php?rest_route=\/wp\/v2\/users\/1"}],"replies":[{"embeddable":true,"href":"https:\/\/gobernacionaltaverapaz.gob.gt\/index.php?rest_route=%2Fwp%2Fv2%2Fcomments&post=13153"}],"version-history":[{"count":1,"href":"https:\/\/gobernacionaltaverapaz.gob.gt\/index.php?rest_route=\/wp\/v2\/posts\/13153\/revisions"}],"predecessor-version":[{"id":13154,"href":"https:\/\/gobernacionaltaverapaz.gob.gt\/index.php?rest_route=\/wp\/v2\/posts\/13153\/revisions\/13154"}],"wp:featuredmedia":[{"embeddable":true,"href":"https:\/\/gobernacionaltaverapaz.gob.gt\/index.php?rest_route=\/wp\/v2\/media\/13149"}],"wp:attachment":[{"href":"https:\/\/gobernacionaltaverapaz.gob.gt\/index.php?rest_route=%2Fwp%2Fv2%2Fmedia&parent=13153"}],"wp:term":[{"taxonomy":"category","embeddable":true,"href":"https:\/\/gobernacionaltaverapaz.gob.gt\/index.php?rest_route=%2Fwp%2Fv2%2Fcategories&post=13153"},{"taxonomy":"post_tag","embeddable":true,"href":"https:\/\/gobernacionaltaverapaz.gob.gt\/index.php?rest_route=%2Fwp%2Fv2%2Ftags&post=13153"}],"curies":[{"name":"wp","href":"https:\/\/api.w.org\/{rel}","templated":true}]}}