{"id":13158,"date":"2022-07-21T09:41:54","date_gmt":"2022-07-21T15:41:54","guid":{"rendered":"https:\/\/gobernacionaltaverapaz.gob.gt\/?p=13158"},"modified":"2022-07-26T16:53:07","modified_gmt":"2022-07-26T22:53:07","slug":"ayuda-humanitaria-familia-afectada-en-el-barrio-chajxucub-zona-11","status":"publish","type":"post","link":"https:\/\/gobernacionaltaverapaz.gob.gt\/?p=13158","title":{"rendered":"Ayuda humanitaria a familia afectada en el Barrio Chajxucub Zona 11"},"content":{"rendered":"<div class=\"kvgmc6g5 cxmmr5t8 oygrvhab hcukyx3x c1et5uql ii04i59q\">\n<div dir=\"auto\" style=\"text-align: justify;\">Delegados de la Secretar\u00eda Ejecutiva de la Coordinadora Nacional para la Reducci\u00f3n de Desastres <a class=\"oajrlxb2 g5ia77u1 qu0x051f esr5mh6w e9989ue4 r7d6kgcz rq0escxv nhd2j8a9 nc684nl6 p7hjln8o kvgmc6g5 cxmmr5t8 oygrvhab hcukyx3x jb3vyjys rz4wbd8a qt6c0cv9 a8nywdso i1ao9s8h esuyzwwr f1sip0of lzcic4wl gpro0wi8 q66pz984 b1v8xokw\" tabindex=\"0\" role=\"link\" href=\"https:\/\/www.facebook.com\/hashtag\/seconred?__eep__=6&amp;__cft__[0]=AZV8DEmolhR_TJCfLY_q13WIiVz2fqrfGnyXUrxMTGhF49bZdSAEnIBHTgznvonJzDgoC1MvNnV3Pi5Vu9916V7MKPpvB3VkF8vvGYjwCSkxSB9tYqdQ2jXBcHIYZvANs7aItsKY5tl2afUjp2rzOE6H24VHM8sLiIljGCFvw0e7Nw&amp;__tn__=*NK-R\">#seconred<\/a>, realizaron entrega de ayuda humanitaria a familia afectada por las fuertes lluvias y r\u00e1fagas de vientos provocando incendio estructural generado por un corto circuito al caer un \u00e1rbol sobre la vivienda, \u00e9sta fue ubicada en el Barrio Chajxucub, Zona 11, de Cob\u00e1n, Alta Verapaz.<\/div>\n<\/div>\n<div class=\"cxmmr5t8 oygrvhab hcukyx3x c1et5uql o9v6fnle ii04i59q\">\n<div dir=\"auto\" style=\"text-align: justify;\">Personal de <a class=\"oajrlxb2 g5ia77u1 qu0x051f esr5mh6w e9989ue4 r7d6kgcz rq0escxv nhd2j8a9 nc684nl6 p7hjln8o kvgmc6g5 cxmmr5t8 oygrvhab hcukyx3x jb3vyjys rz4wbd8a qt6c0cv9 a8nywdso i1ao9s8h esuyzwwr f1sip0of lzcic4wl gpro0wi8 q66pz984 b1v8xokw\" tabindex=\"0\" role=\"link\" href=\"https:\/\/www.facebook.com\/hashtag\/comred?__eep__=6&amp;__cft__[0]=AZV8DEmolhR_TJCfLY_q13WIiVz2fqrfGnyXUrxMTGhF49bZdSAEnIBHTgznvonJzDgoC1MvNnV3Pi5Vu9916V7MKPpvB3VkF8vvGYjwCSkxSB9tYqdQ2jXBcHIYZvANs7aItsKY5tl2afUjp2rzOE6H24VHM8sLiIljGCFvw0e7Nw&amp;__tn__=*NK-R\">#comred<\/a> Coordina el traslado y brinda acompa\u00f1amiento en la log\u00edstica de la entrega de ayuda humanitaria y entrega los recursos a los afectados los cuales consisten en:<\/div>\n<\/div>\n<div class=\"cxmmr5t8 oygrvhab hcukyx3x c1et5uql o9v6fnle ii04i59q\">\n<div dir=\"auto\">\u00a01 raciones familiares<\/div>\n<div dir=\"auto\">25 bolsas de agua pura 350 ML<\/div>\n<div dir=\"auto\">1 kit higiene familiar<\/div>\n<div dir=\"auto\">24 unidades de incaparina tetra pack 200 ml<\/div>\n<\/div>\n<div dir=\"auto\"><\/div>\n<div dir=\"auto\"><\/div>\n<div dir=\"auto\"><\/div>\n<div dir=\"auto\"><\/div>\n<div dir=\"auto\">\n<div><\/div>\n<\/div>\n<p>&nbsp;<\/p>\n","protected":false},"excerpt":{"rendered":"<p>Delegados de la Secretar\u00eda Ejecutiva de la Coordinadora Nacional para la Reducci\u00f3n de Desastres #seconred, realizaron entrega de ayuda humanitaria a familia afectada por las fuertes lluvias y r\u00e1fagas de vientos provocando incendio estructural generado por un corto circuito al caer un \u00e1rbol sobre la vivienda, \u00e9sta fue ubicada en el Barrio Chajxucub, Zona 11, [&hellip;]<\/p>\n","protected":false},"author":1,"featured_media":13155,"comment_status":"closed","ping_status":"open","sticky":false,"template":"","format":"gallery","meta":[],"categories":[182],"tags":[178],"_links":{"self":[{"href":"https:\/\/gobernacionaltaverapaz.gob.gt\/index.php?rest_route=\/wp\/v2\/posts\/13158"}],"collection":[{"href":"https:\/\/gobernacionaltaverapaz.gob.gt\/index.php?rest_route=\/wp\/v2\/posts"}],"about":[{"href":"https:\/\/gobernacionaltaverapaz.gob.gt\/index.php?rest_route=\/wp\/v2\/types\/post"}],"author":[{"embeddable":true,"href":"https:\/\/gobernacionaltaverapaz.gob.gt\/index.php?rest_route=\/wp\/v2\/users\/1"}],"replies":[{"embeddable":true,"href":"https:\/\/gobernacionaltaverapaz.gob.gt\/index.php?rest_route=%2Fwp%2Fv2%2Fcomments&post=13158"}],"version-history":[{"count":2,"href":"https:\/\/gobernacionaltaverapaz.gob.gt\/index.php?rest_route=\/wp\/v2\/posts\/13158\/revisions"}],"predecessor-version":[{"id":13160,"href":"https:\/\/gobernacionaltaverapaz.gob.gt\/index.php?rest_route=\/wp\/v2\/posts\/13158\/revisions\/13160"}],"wp:featuredmedia":[{"embeddable":true,"href":"https:\/\/gobernacionaltaverapaz.gob.gt\/index.php?rest_route=\/wp\/v2\/media\/13155"}],"wp:attachment":[{"href":"https:\/\/gobernacionaltaverapaz.gob.gt\/index.php?rest_route=%2Fwp%2Fv2%2Fmedia&parent=13158"}],"wp:term":[{"taxonomy":"category","embeddable":true,"href":"https:\/\/gobernacionaltaverapaz.gob.gt\/index.php?rest_route=%2Fwp%2Fv2%2Fcategories&post=13158"},{"taxonomy":"post_tag","embeddable":true,"href":"https:\/\/gobernacionaltaverapaz.gob.gt\/index.php?rest_route=%2Fwp%2Fv2%2Ftags&post=13158"}],"curies":[{"name":"wp","href":"https:\/\/api.w.org\/{rel}","templated":true}]}}