{"id":13188,"date":"2022-07-19T09:58:44","date_gmt":"2022-07-19T15:58:44","guid":{"rendered":"https:\/\/gobernacionaltaverapaz.gob.gt\/?p=13188"},"modified":"2022-07-27T15:19:13","modified_gmt":"2022-07-27T21:19:13","slug":"conap-realiz-monitoreo-por-parte-de-personal-guarda-recursos-en-la-laguna-chichoj","status":"publish","type":"post","link":"https:\/\/gobernacionaltaverapaz.gob.gt\/?p=13188","title":{"rendered":"CONAP realiz\u00f3 un monitoreo por parte de personal guarda recursos en la Laguna Chichoj"},"content":{"rendered":"<p style=\"text-align: justify;\"><span class=\"d2edcug0 hpfvmrgz qv66sw1b c1et5uql lr9zc1uh a8c37x1j fe6kdd0r mau55g9w c8b282yb keod5gw0 nxhoafnm aigsh9s9 d3f4x2em iv3no6db jq4qci2q a3bd9o3v b1v8xokw oo9gr5id hzawbc8m\" dir=\"auto\">La Direcci\u00f3n Regional Verapaces del Consejo Nacional de \u00c1reas Protegidas <a class=\"oajrlxb2 g5ia77u1 qu0x051f esr5mh6w e9989ue4 r7d6kgcz rq0escxv nhd2j8a9 nc684nl6 p7hjln8o kvgmc6g5 cxmmr5t8 oygrvhab hcukyx3x jb3vyjys rz4wbd8a qt6c0cv9 a8nywdso i1ao9s8h esuyzwwr f1sip0of lzcic4wl gpro0wi8 q66pz984 b1v8xokw\" tabindex=\"0\" role=\"link\" href=\"https:\/\/www.facebook.com\/hashtag\/conap?__eep__=6&amp;__cft__[0]=AZVObGvY6gB_-lj21wUBmv7OZXacxqT5pC1_Nlk7gdOb4u5Nv-81Tz0elUpUytPsiFZJhaWe4-5SJ3iRW6J1bM57IFULAXuipnXQ1Fe-2Iy-S6pBhDDYB7Mu4-pJ_WAy6fuqnXseuZu6yq3DtQKQUX8Aw8YCkfftQDLwje_Ytuld6w&amp;__tn__=*NK-R\">#CONAP<\/a>, realiz\u00f3 un monitoreo por parte de personal guarda recursos en la Laguna Chichoj, \u00e1rea de protecci\u00f3n especial dentro de la Ley de \u00c1reas protegidas 4-89, con el fin de asegurar el funcionamiento \u00f3ptimo de los procesos ecol\u00f3gicos esenciales y de los sistemas naturales vitales para beneficio de todos los guatemaltecos. <\/span><\/p>\n<p>&nbsp;<\/p>\n<div><\/div>\n<p>&nbsp;<\/p>\n","protected":false},"excerpt":{"rendered":"<p>La Direcci\u00f3n Regional Verapaces del Consejo Nacional de \u00c1reas Protegidas #CONAP, realiz\u00f3 un monitoreo por parte de personal guarda recursos en la Laguna Chichoj, \u00e1rea de protecci\u00f3n especial dentro de la Ley de \u00c1reas protegidas 4-89, con el fin de asegurar el funcionamiento \u00f3ptimo de los procesos ecol\u00f3gicos esenciales y de los sistemas naturales vitales [&hellip;]<\/p>\n","protected":false},"author":1,"featured_media":13184,"comment_status":"closed","ping_status":"open","sticky":false,"template":"","format":"gallery","meta":[],"categories":[1],"tags":[178],"_links":{"self":[{"href":"https:\/\/gobernacionaltaverapaz.gob.gt\/index.php?rest_route=\/wp\/v2\/posts\/13188"}],"collection":[{"href":"https:\/\/gobernacionaltaverapaz.gob.gt\/index.php?rest_route=\/wp\/v2\/posts"}],"about":[{"href":"https:\/\/gobernacionaltaverapaz.gob.gt\/index.php?rest_route=\/wp\/v2\/types\/post"}],"author":[{"embeddable":true,"href":"https:\/\/gobernacionaltaverapaz.gob.gt\/index.php?rest_route=\/wp\/v2\/users\/1"}],"replies":[{"embeddable":true,"href":"https:\/\/gobernacionaltaverapaz.gob.gt\/index.php?rest_route=%2Fwp%2Fv2%2Fcomments&post=13188"}],"version-history":[{"count":1,"href":"https:\/\/gobernacionaltaverapaz.gob.gt\/index.php?rest_route=\/wp\/v2\/posts\/13188\/revisions"}],"predecessor-version":[{"id":13189,"href":"https:\/\/gobernacionaltaverapaz.gob.gt\/index.php?rest_route=\/wp\/v2\/posts\/13188\/revisions\/13189"}],"wp:featuredmedia":[{"embeddable":true,"href":"https:\/\/gobernacionaltaverapaz.gob.gt\/index.php?rest_route=\/wp\/v2\/media\/13184"}],"wp:attachment":[{"href":"https:\/\/gobernacionaltaverapaz.gob.gt\/index.php?rest_route=%2Fwp%2Fv2%2Fmedia&parent=13188"}],"wp:term":[{"taxonomy":"category","embeddable":true,"href":"https:\/\/gobernacionaltaverapaz.gob.gt\/index.php?rest_route=%2Fwp%2Fv2%2Fcategories&post=13188"},{"taxonomy":"post_tag","embeddable":true,"href":"https:\/\/gobernacionaltaverapaz.gob.gt\/index.php?rest_route=%2Fwp%2Fv2%2Ftags&post=13188"}],"curies":[{"name":"wp","href":"https:\/\/api.w.org\/{rel}","templated":true}]}}