{"id":13193,"date":"2022-07-14T17:05:29","date_gmt":"2022-07-14T23:05:29","guid":{"rendered":"https:\/\/gobernacionaltaverapaz.gob.gt\/?p=13193"},"modified":"2022-07-27T16:39:35","modified_gmt":"2022-07-27T22:39:35","slug":"reunin-con-integrantes-del-grupo-de-toma-de-decisiones-del-coe","status":"publish","type":"post","link":"https:\/\/gobernacionaltaverapaz.gob.gt\/?p=13193","title":{"rendered":"Reuni\u00f3n con integrantes del grupo de toma de decisiones del COE"},"content":{"rendered":"<p>&nbsp;<\/p>\n<div dir=\"auto\" style=\"text-align: justify;\">Dr. Fernando Rodr\u00edguez Klarck, Gobernador de Alta Verapaz, sostuvo reuni\u00f3n con integrantes del grupo de toma de decisiones del <a class=\"oajrlxb2 g5ia77u1 qu0x051f esr5mh6w e9989ue4 r7d6kgcz rq0escxv nhd2j8a9 nc684nl6 p7hjln8o kvgmc6g5 cxmmr5t8 oygrvhab hcukyx3x jb3vyjys rz4wbd8a qt6c0cv9 a8nywdso i1ao9s8h esuyzwwr f1sip0of lzcic4wl gpro0wi8 q66pz984 b1v8xokw\" tabindex=\"0\" role=\"link\" href=\"https:\/\/www.facebook.com\/hashtag\/coe?__eep__=6&amp;__cft__[0]=AZXpfraYf8LEQkG19w4Vl3u2xklcvC7k6CvuGRrAJK4tdym625LyMRnQ_t3btD1ZJYHlCngkEFpGlBSI4n2G8ehRal25oEtwhA4qVeumDt2OJuYQX2ks3uBlPiK_5sYptoVgpzDy8oB1lSVUxPlTvTI8mhxtyxpQ064vmfxF-dJQkw&amp;__tn__=*NK-R\">#COE<\/a> Departamental. Con el objetivo de socializar los lineamientos t\u00e9cnicos para la conformaci\u00f3n de expedientes de Asistencia Alimentaria por Emergencia a Familias Afectadas seg\u00fan Decreto gubernativo n\u00famero 3-2022 y Decreto de Ratificaci\u00f3n 35-2022 del Congreso de la Rep\u00fablica.<\/div>\n<div dir=\"auto\" style=\"text-align: justify;\">El cual contiene los lineamientos y procedimientos t\u00e9cnicos que los Centros de Operaci\u00f3n de Emergencias <a class=\"oajrlxb2 g5ia77u1 qu0x051f esr5mh6w e9989ue4 r7d6kgcz rq0escxv nhd2j8a9 nc684nl6 p7hjln8o kvgmc6g5 cxmmr5t8 oygrvhab hcukyx3x jb3vyjys rz4wbd8a qt6c0cv9 a8nywdso i1ao9s8h esuyzwwr f1sip0of lzcic4wl gpro0wi8 q66pz984 b1v8xokw\" tabindex=\"0\" role=\"link\" href=\"https:\/\/www.facebook.com\/hashtag\/coe?__eep__=6&amp;__cft__[0]=AZXpfraYf8LEQkG19w4Vl3u2xklcvC7k6CvuGRrAJK4tdym625LyMRnQ_t3btD1ZJYHlCngkEFpGlBSI4n2G8ehRal25oEtwhA4qVeumDt2OJuYQX2ks3uBlPiK_5sYptoVgpzDy8oB1lSVUxPlTvTI8mhxtyxpQ064vmfxF-dJQkw&amp;__tn__=*NK-R\">#COE<\/a>, deben realizar a nivel municipal y departamental para la conformaci\u00f3n de los expedientes de asistencia alimentaria por la emergencia. Siendo el <a class=\"oajrlxb2 g5ia77u1 qu0x051f esr5mh6w e9989ue4 r7d6kgcz rq0escxv nhd2j8a9 nc684nl6 p7hjln8o kvgmc6g5 cxmmr5t8 oygrvhab hcukyx3x jb3vyjys rz4wbd8a qt6c0cv9 a8nywdso i1ao9s8h esuyzwwr f1sip0of lzcic4wl gpro0wi8 q66pz984 b1v8xokw\" tabindex=\"0\" role=\"link\" href=\"https:\/\/www.facebook.com\/hashtag\/maga?__eep__=6&amp;__cft__[0]=AZXpfraYf8LEQkG19w4Vl3u2xklcvC7k6CvuGRrAJK4tdym625LyMRnQ_t3btD1ZJYHlCngkEFpGlBSI4n2G8ehRal25oEtwhA4qVeumDt2OJuYQX2ks3uBlPiK_5sYptoVgpzDy8oB1lSVUxPlTvTI8mhxtyxpQ064vmfxF-dJQkw&amp;__tn__=*NK-R\">#MAGA<\/a> y <a class=\"oajrlxb2 g5ia77u1 qu0x051f esr5mh6w e9989ue4 r7d6kgcz rq0escxv nhd2j8a9 nc684nl6 p7hjln8o kvgmc6g5 cxmmr5t8 oygrvhab hcukyx3x jb3vyjys rz4wbd8a qt6c0cv9 a8nywdso i1ao9s8h esuyzwwr f1sip0of lzcic4wl gpro0wi8 q66pz984 b1v8xokw\" tabindex=\"0\" role=\"link\" href=\"https:\/\/www.facebook.com\/hashtag\/sesan?__eep__=6&amp;__cft__[0]=AZXpfraYf8LEQkG19w4Vl3u2xklcvC7k6CvuGRrAJK4tdym625LyMRnQ_t3btD1ZJYHlCngkEFpGlBSI4n2G8ehRal25oEtwhA4qVeumDt2OJuYQX2ks3uBlPiK_5sYptoVgpzDy8oB1lSVUxPlTvTI8mhxtyxpQ064vmfxF-dJQkw&amp;__tn__=*NK-R\">#SESAN<\/a> los entes rectores del seguimiento al proceso.<\/div>\n<div dir=\"auto\"><\/div>\n<div dir=\"auto\"><\/div>\n<div dir=\"auto\"><\/div>\n<div dir=\"auto\">\n<div><\/div>\n<\/div>\n","protected":false},"excerpt":{"rendered":"<p>&nbsp; Dr. Fernando Rodr\u00edguez Klarck, Gobernador de Alta Verapaz, sostuvo reuni\u00f3n con integrantes del grupo de toma de decisiones del #COE Departamental. Con el objetivo de socializar los lineamientos t\u00e9cnicos para la conformaci\u00f3n de expedientes de Asistencia Alimentaria por Emergencia a Familias Afectadas seg\u00fan Decreto gubernativo n\u00famero 3-2022 y Decreto de Ratificaci\u00f3n 35-2022 del Congreso [&hellip;]<\/p>\n","protected":false},"author":1,"featured_media":13190,"comment_status":"closed","ping_status":"open","sticky":false,"template":"","format":"gallery","meta":[],"categories":[194],"tags":[178],"_links":{"self":[{"href":"https:\/\/gobernacionaltaverapaz.gob.gt\/index.php?rest_route=\/wp\/v2\/posts\/13193"}],"collection":[{"href":"https:\/\/gobernacionaltaverapaz.gob.gt\/index.php?rest_route=\/wp\/v2\/posts"}],"about":[{"href":"https:\/\/gobernacionaltaverapaz.gob.gt\/index.php?rest_route=\/wp\/v2\/types\/post"}],"author":[{"embeddable":true,"href":"https:\/\/gobernacionaltaverapaz.gob.gt\/index.php?rest_route=\/wp\/v2\/users\/1"}],"replies":[{"embeddable":true,"href":"https:\/\/gobernacionaltaverapaz.gob.gt\/index.php?rest_route=%2Fwp%2Fv2%2Fcomments&post=13193"}],"version-history":[{"count":1,"href":"https:\/\/gobernacionaltaverapaz.gob.gt\/index.php?rest_route=\/wp\/v2\/posts\/13193\/revisions"}],"predecessor-version":[{"id":13194,"href":"https:\/\/gobernacionaltaverapaz.gob.gt\/index.php?rest_route=\/wp\/v2\/posts\/13193\/revisions\/13194"}],"wp:featuredmedia":[{"embeddable":true,"href":"https:\/\/gobernacionaltaverapaz.gob.gt\/index.php?rest_route=\/wp\/v2\/media\/13190"}],"wp:attachment":[{"href":"https:\/\/gobernacionaltaverapaz.gob.gt\/index.php?rest_route=%2Fwp%2Fv2%2Fmedia&parent=13193"}],"wp:term":[{"taxonomy":"category","embeddable":true,"href":"https:\/\/gobernacionaltaverapaz.gob.gt\/index.php?rest_route=%2Fwp%2Fv2%2Fcategories&post=13193"},{"taxonomy":"post_tag","embeddable":true,"href":"https:\/\/gobernacionaltaverapaz.gob.gt\/index.php?rest_route=%2Fwp%2Fv2%2Ftags&post=13193"}],"curies":[{"name":"wp","href":"https:\/\/api.w.org\/{rel}","templated":true}]}}