{"id":13199,"date":"2022-07-27T15:23:47","date_gmt":"2022-07-27T21:23:47","guid":{"rendered":"https:\/\/gobernacionaltaverapaz.gob.gt\/?p=13199"},"modified":"2022-08-03T11:06:17","modified_gmt":"2022-08-03T17:06:17","slug":"reunin-de-mesa-departamental-de-turismo","status":"publish","type":"post","link":"https:\/\/gobernacionaltaverapaz.gob.gt\/?p=13199","title":{"rendered":"Reuni\u00f3n de Mesa Departamental de Turismo"},"content":{"rendered":"<p style=\"text-align: justify;\"><span class=\"d2edcug0 hpfvmrgz qv66sw1b c1et5uql lr9zc1uh a8c37x1j fe6kdd0r mau55g9w c8b282yb keod5gw0 nxhoafnm aigsh9s9 d3f4x2em iv3no6db jq4qci2q a3bd9o3v b1v8xokw oo9gr5id hzawbc8m\" dir=\"auto\">La Delegaci\u00f3n Departamental del <a class=\"oajrlxb2 g5ia77u1 qu0x051f esr5mh6w e9989ue4 r7d6kgcz rq0escxv nhd2j8a9 nc684nl6 p7hjln8o kvgmc6g5 cxmmr5t8 oygrvhab hcukyx3x jb3vyjys rz4wbd8a qt6c0cv9 a8nywdso i1ao9s8h esuyzwwr f1sip0of lzcic4wl gpro0wi8 q66pz984 b1v8xokw\" tabindex=\"0\" role=\"link\" href=\"https:\/\/www.facebook.com\/hashtag\/marn?__eep__=6&amp;__cft__[0]=AZUZrqhi6le6Zfz76S3WBnOHQH1fFoOGNQoDsG43NViOCgDg0R1kJhlIduCwaPhbg21TLsX0WAZMO4lHZM6LTpAPHe1w3-8urDsbM5fx0tur5mJfHAZWeUoCV4h-xCFiJQKBis7eSioeWmHntbBTRBKLu078AFfAlOb4oojYSX7XqA&amp;__tn__=*NK-R\">#MARN<\/a>, particip\u00f3 en la reuni\u00f3n de la Mesa Departamental de Turismo seg\u00fan convocatoria 03-2022 para coordinar capacitaciones de Desechos s\u00f3lidos para el sector tur\u00edstico enfocadas al cumplimiento del acuerdo Gubernativo 164-2021, que se llevaran a cabo en los Municipios de Lanqu\u00edn, Santa Cruz Verapaz y Cob\u00e1n, en el mes de agosto.<\/span><\/p>\n<p>&nbsp;<\/p>\n<div><\/div>\n","protected":false},"excerpt":{"rendered":"<p>La Delegaci\u00f3n Departamental del #MARN, particip\u00f3 en la reuni\u00f3n de la Mesa Departamental de Turismo seg\u00fan convocatoria 03-2022 para coordinar capacitaciones de Desechos s\u00f3lidos para el sector tur\u00edstico enfocadas al cumplimiento del acuerdo Gubernativo 164-2021, que se llevaran a cabo en los Municipios de Lanqu\u00edn, Santa Cruz Verapaz y Cob\u00e1n, en el mes de agosto. [&hellip;]<\/p>\n","protected":false},"author":1,"featured_media":13196,"comment_status":"closed","ping_status":"open","sticky":false,"template":"","format":"gallery","meta":[],"categories":[194],"tags":[178],"_links":{"self":[{"href":"https:\/\/gobernacionaltaverapaz.gob.gt\/index.php?rest_route=\/wp\/v2\/posts\/13199"}],"collection":[{"href":"https:\/\/gobernacionaltaverapaz.gob.gt\/index.php?rest_route=\/wp\/v2\/posts"}],"about":[{"href":"https:\/\/gobernacionaltaverapaz.gob.gt\/index.php?rest_route=\/wp\/v2\/types\/post"}],"author":[{"embeddable":true,"href":"https:\/\/gobernacionaltaverapaz.gob.gt\/index.php?rest_route=\/wp\/v2\/users\/1"}],"replies":[{"embeddable":true,"href":"https:\/\/gobernacionaltaverapaz.gob.gt\/index.php?rest_route=%2Fwp%2Fv2%2Fcomments&post=13199"}],"version-history":[{"count":1,"href":"https:\/\/gobernacionaltaverapaz.gob.gt\/index.php?rest_route=\/wp\/v2\/posts\/13199\/revisions"}],"predecessor-version":[{"id":13200,"href":"https:\/\/gobernacionaltaverapaz.gob.gt\/index.php?rest_route=\/wp\/v2\/posts\/13199\/revisions\/13200"}],"wp:featuredmedia":[{"embeddable":true,"href":"https:\/\/gobernacionaltaverapaz.gob.gt\/index.php?rest_route=\/wp\/v2\/media\/13196"}],"wp:attachment":[{"href":"https:\/\/gobernacionaltaverapaz.gob.gt\/index.php?rest_route=%2Fwp%2Fv2%2Fmedia&parent=13199"}],"wp:term":[{"taxonomy":"category","embeddable":true,"href":"https:\/\/gobernacionaltaverapaz.gob.gt\/index.php?rest_route=%2Fwp%2Fv2%2Fcategories&post=13199"},{"taxonomy":"post_tag","embeddable":true,"href":"https:\/\/gobernacionaltaverapaz.gob.gt\/index.php?rest_route=%2Fwp%2Fv2%2Ftags&post=13199"}],"curies":[{"name":"wp","href":"https:\/\/api.w.org\/{rel}","templated":true}]}}