{"id":13204,"date":"2022-07-27T15:31:33","date_gmt":"2022-07-27T21:31:33","guid":{"rendered":"https:\/\/gobernacionaltaverapaz.gob.gt\/?p=13204"},"modified":"2022-08-03T11:14:11","modified_gmt":"2022-08-03T17:14:11","slug":"jornada-de-sensibilizacin-reforestacin-en-las-verapaces","status":"publish","type":"post","link":"https:\/\/gobernacionaltaverapaz.gob.gt\/?p=13204","title":{"rendered":"Jornada de sensibilizaci\u00f3n y reforestaci\u00f3n  en las Verapaces"},"content":{"rendered":"<div class=\"kvgmc6g5 cxmmr5t8 oygrvhab hcukyx3x c1et5uql ii04i59q\">\n<div dir=\"auto\" style=\"text-align: justify;\">El <a class=\"oajrlxb2 g5ia77u1 qu0x051f esr5mh6w e9989ue4 r7d6kgcz rq0escxv nhd2j8a9 nc684nl6 p7hjln8o kvgmc6g5 cxmmr5t8 oygrvhab hcukyx3x jb3vyjys rz4wbd8a qt6c0cv9 a8nywdso i1ao9s8h esuyzwwr f1sip0of lzcic4wl gpro0wi8 q66pz984 b1v8xokw\" tabindex=\"0\" role=\"link\" href=\"https:\/\/www.facebook.com\/hashtag\/inab?__eep__=6&amp;__cft__[0]=AZXAvE3Nl4bikMYH0ECA-8olVLSu6v2q27PyBe4b_xeqCqYrXI9B8pNmpUMGVOBeLTcfoUM-ABk8qaOgDJthd4taY8s4caJ398VeZPta6QLOpGPhFbHpdLIq2FbHZy10piG9YiD9ux-llDQgT3F7MrwYvpf68xbaOeGcNp5U6rfJ9A&amp;__tn__=*NK-R\">#INAB<\/a> contin\u00faa reforestando en las Verapaces.<\/div>\n<\/div>\n<div class=\"cxmmr5t8 oygrvhab hcukyx3x c1et5uql o9v6fnle ii04i59q\" style=\"text-align: justify;\">\n<div dir=\"auto\">Con el lema <a class=\"oajrlxb2 g5ia77u1 qu0x051f esr5mh6w e9989ue4 r7d6kgcz rq0escxv nhd2j8a9 nc684nl6 p7hjln8o kvgmc6g5 cxmmr5t8 oygrvhab hcukyx3x jb3vyjys rz4wbd8a qt6c0cv9 a8nywdso i1ao9s8h esuyzwwr f1sip0of lzcic4wl gpro0wi8 q66pz984 b1v8xokw\" tabindex=\"0\" role=\"link\" href=\"https:\/\/www.facebook.com\/hashtag\/pontelacamisolayreforesta?__eep__=6&amp;__cft__[0]=AZXAvE3Nl4bikMYH0ECA-8olVLSu6v2q27PyBe4b_xeqCqYrXI9B8pNmpUMGVOBeLTcfoUM-ABk8qaOgDJthd4taY8s4caJ398VeZPta6QLOpGPhFbHpdLIq2FbHZy10piG9YiD9ux-llDQgT3F7MrwYvpf68xbaOeGcNp5U6rfJ9A&amp;__tn__=*NK-R\">#pontelacamisolayreforesta<\/a> personal del <a class=\"oajrlxb2 g5ia77u1 qu0x051f esr5mh6w e9989ue4 r7d6kgcz rq0escxv nhd2j8a9 nc684nl6 p7hjln8o kvgmc6g5 cxmmr5t8 oygrvhab hcukyx3x jb3vyjys rz4wbd8a qt6c0cv9 a8nywdso i1ao9s8h esuyzwwr f1sip0of lzcic4wl gpro0wi8 q66pz984 b1v8xokw\" tabindex=\"0\" role=\"link\" href=\"https:\/\/www.facebook.com\/hashtag\/inab?__eep__=6&amp;__cft__[0]=AZXAvE3Nl4bikMYH0ECA-8olVLSu6v2q27PyBe4b_xeqCqYrXI9B8pNmpUMGVOBeLTcfoUM-ABk8qaOgDJthd4taY8s4caJ398VeZPta6QLOpGPhFbHpdLIq2FbHZy10piG9YiD9ux-llDQgT3F7MrwYvpf68xbaOeGcNp5U6rfJ9A&amp;__tn__=*NK-R\">#INAB<\/a> realiz\u00f3 una jornada de sensibilizaci\u00f3n y reforestaci\u00f3n en el municipio de <a class=\"oajrlxb2 g5ia77u1 qu0x051f esr5mh6w e9989ue4 r7d6kgcz rq0escxv nhd2j8a9 nc684nl6 p7hjln8o kvgmc6g5 cxmmr5t8 oygrvhab hcukyx3x jb3vyjys rz4wbd8a qt6c0cv9 a8nywdso i1ao9s8h esuyzwwr f1sip0of lzcic4wl gpro0wi8 q66pz984 b1v8xokw\" tabindex=\"0\" role=\"link\" href=\"https:\/\/www.facebook.com\/hashtag\/lanqu%C3%ADn?__eep__=6&amp;__cft__[0]=AZXAvE3Nl4bikMYH0ECA-8olVLSu6v2q27PyBe4b_xeqCqYrXI9B8pNmpUMGVOBeLTcfoUM-ABk8qaOgDJthd4taY8s4caJ398VeZPta6QLOpGPhFbHpdLIq2FbHZy10piG9YiD9ux-llDQgT3F7MrwYvpf68xbaOeGcNp5U6rfJ9A&amp;__tn__=*NK-R\">#Lanqu\u00edn<\/a>, como parte del Programa Sembrando Huella, el cual tiene como objetivo inculcar cultura forestal en la poblaci\u00f3n.<\/div>\n<\/div>\n<div class=\"cxmmr5t8 oygrvhab hcukyx3x c1et5uql o9v6fnle ii04i59q\">\n<div dir=\"auto\" style=\"text-align: justify;\">La actividad se desarroll\u00f3 en coordinaci\u00f3n con la Municipalidad de Lanqu\u00edn con ni\u00f1os y ni\u00f1as de la aldea Tuzan, plantando 150 \u00e1rboles de la especie de cedro.<\/div>\n<div dir=\"auto\" style=\"text-align: justify;\">Para este a\u00f1o 2022, el Instituto Nacional de Bosques INAB Regi\u00f3n II tiene una meta de 70 jornadas de reforestaci\u00f3n en las Verapaces e Ixc\u00e1n.<\/div>\n<\/div>\n<div dir=\"auto\"><\/div>\n<div dir=\"auto\"><\/div>\n<div dir=\"auto\">\n<div><\/div>\n<\/div>\n<p>&nbsp;<\/p>\n","protected":false},"excerpt":{"rendered":"<p>El #INAB contin\u00faa reforestando en las Verapaces. Con el lema #pontelacamisolayreforesta personal del #INAB realiz\u00f3 una jornada de sensibilizaci\u00f3n y reforestaci\u00f3n en el municipio de #Lanqu\u00edn, como parte del Programa Sembrando Huella, el cual tiene como objetivo inculcar cultura forestal en la poblaci\u00f3n. La actividad se desarroll\u00f3 en coordinaci\u00f3n con la Municipalidad de Lanqu\u00edn con [&hellip;]<\/p>\n","protected":false},"author":1,"featured_media":13201,"comment_status":"closed","ping_status":"open","sticky":false,"template":"","format":"gallery","meta":[],"categories":[6],"tags":[178],"_links":{"self":[{"href":"https:\/\/gobernacionaltaverapaz.gob.gt\/index.php?rest_route=\/wp\/v2\/posts\/13204"}],"collection":[{"href":"https:\/\/gobernacionaltaverapaz.gob.gt\/index.php?rest_route=\/wp\/v2\/posts"}],"about":[{"href":"https:\/\/gobernacionaltaverapaz.gob.gt\/index.php?rest_route=\/wp\/v2\/types\/post"}],"author":[{"embeddable":true,"href":"https:\/\/gobernacionaltaverapaz.gob.gt\/index.php?rest_route=\/wp\/v2\/users\/1"}],"replies":[{"embeddable":true,"href":"https:\/\/gobernacionaltaverapaz.gob.gt\/index.php?rest_route=%2Fwp%2Fv2%2Fcomments&post=13204"}],"version-history":[{"count":1,"href":"https:\/\/gobernacionaltaverapaz.gob.gt\/index.php?rest_route=\/wp\/v2\/posts\/13204\/revisions"}],"predecessor-version":[{"id":13205,"href":"https:\/\/gobernacionaltaverapaz.gob.gt\/index.php?rest_route=\/wp\/v2\/posts\/13204\/revisions\/13205"}],"wp:featuredmedia":[{"embeddable":true,"href":"https:\/\/gobernacionaltaverapaz.gob.gt\/index.php?rest_route=\/wp\/v2\/media\/13201"}],"wp:attachment":[{"href":"https:\/\/gobernacionaltaverapaz.gob.gt\/index.php?rest_route=%2Fwp%2Fv2%2Fmedia&parent=13204"}],"wp:term":[{"taxonomy":"category","embeddable":true,"href":"https:\/\/gobernacionaltaverapaz.gob.gt\/index.php?rest_route=%2Fwp%2Fv2%2Fcategories&post=13204"},{"taxonomy":"post_tag","embeddable":true,"href":"https:\/\/gobernacionaltaverapaz.gob.gt\/index.php?rest_route=%2Fwp%2Fv2%2Ftags&post=13204"}],"curies":[{"name":"wp","href":"https:\/\/api.w.org\/{rel}","templated":true}]}}